{"id":139819,"date":"2022-01-30T15:42:04","date_gmt":"2022-01-30T20:42:04","guid":{"rendered":"https:\/\/linitiative.ca\/International\/voyages-internationaux-air-arabia-reprend-ses-vols-vers-le-maroc\/"},"modified":"2022-01-30T15:42:04","modified_gmt":"2022-01-30T20:42:04","slug":"voyages-internationaux-air-arabia-reprend-ses-vols-vers-le-maroc","status":"publish","type":"post","link":"https:\/\/linitiative.ca\/International\/voyages-internationaux-air-arabia-reprend-ses-vols-vers-le-maroc\/","title":{"rendered":"Voyages internationaux. Air arabia reprend ses vols vers le Maroc"},"content":{"rendered":"<div><img decoding=\"async\" width=\"587\" height=\"400\" src=\"https:\/\/linitiative.ca\/International\/wp-content\/uploads\/sites\/23\/2022\/01\/80457_airarabiaa320cairarabia_750489.jpg\" class=\"attachment-post-thumbnail size-post-thumbnail wp-post-image\" alt=\"\" loading=\"lazy\" srcset=\"https:\/\/linitiative.ca\/International\/wp-content\/uploads\/sites\/23\/2022\/01\/80457_airarabiaa320cairarabia_750489.jpg 587w, https:\/\/www.challenge.ma\/wp-content\/uploads\/2022\/01\/80457_airarabiaa320cairarabia_750489-300x204.jpg 300w, https:\/\/www.challenge.ma\/wp-content\/uploads\/2022\/01\/80457_airarabiaa320cairarabia_750489-360x245.jpg 360w\" sizes=\"auto, (max-width: 587px) 100vw, 587px\" itemprop=\"image\">Air Arabia Maroc se joindra \u00e0 un groupe de compagnies a\u00e9riennes pour reprendre les vols internationaux \u00e0 destination et en provenance du Maroc, \u00e0 partir du 7 f\u00e9vrier. La compagnie a annonc\u00e9 la nouvelle sur sa page Twitter, invitant les clients \u00e0 visiter le site web pour plus de d\u00e9tails.<\/div>\n<p>Auteur: Azeroual Siham<br \/>\n<a href=\"https:\/\/www.challenge.ma\/voyages-internationaux-air-arabia-reprend-ses-vols-vers-le-maroc-231671\/\">Cliquez ici pour lire l&rsquo;article depuis sa source.<\/a><\/p>\n","protected":false},"excerpt":{"rendered":"<p>Air Arabia Maroc se joindra \u00e0 un groupe de compagnies a\u00e9riennes pour reprendre les vols internationaux \u00e0 destination et en provenance du Maroc, \u00e0 partir du 7 f\u00e9vrier. La compagnie a annonc\u00e9 la nouvelle sur sa page Twitter, invitant les clients \u00e0 visiter le site web pour plus de d\u00e9tails. Auteur: Azeroual Siham Cliquez ici [&hellip;]<\/p>\n","protected":false},"author":1787,"featured_media":0,"comment_status":"closed","ping_status":"closed","sticky":false,"template":"","format":"standard","meta":{"fifu_image_url":"https:\/\/www.challenge.ma\/wp-content\/uploads\/2022\/01\/80457_airarabiaa320cairarabia_750489.jpg","fifu_image_alt":"Voyages internationaux. Air arabia reprend ses vols vers le Maroc","footnotes":""},"categories":[78,54],"tags":[],"class_list":["post-139819","post","type-post","status-publish","format-standard","hentry","category-economie","category-maroc"],"_links":{"self":[{"href":"https:\/\/linitiative.ca\/International\/wp-json\/wp\/v2\/posts\/139819","targetHints":{"allow":["GET"]}}],"collection":[{"href":"https:\/\/linitiative.ca\/International\/wp-json\/wp\/v2\/posts"}],"about":[{"href":"https:\/\/linitiative.ca\/International\/wp-json\/wp\/v2\/types\/post"}],"author":[{"embeddable":true,"href":"https:\/\/linitiative.ca\/International\/wp-json\/wp\/v2\/users\/1787"}],"replies":[{"embeddable":true,"href":"https:\/\/linitiative.ca\/International\/wp-json\/wp\/v2\/comments?post=139819"}],"version-history":[{"count":0,"href":"https:\/\/linitiative.ca\/International\/wp-json\/wp\/v2\/posts\/139819\/revisions"}],"wp:attachment":[{"href":"https:\/\/linitiative.ca\/International\/wp-json\/wp\/v2\/media?parent=139819"}],"wp:term":[{"taxonomy":"category","embeddable":true,"href":"https:\/\/linitiative.ca\/International\/wp-json\/wp\/v2\/categories?post=139819"},{"taxonomy":"post_tag","embeddable":true,"href":"https:\/\/linitiative.ca\/International\/wp-json\/wp\/v2\/tags?post=139819"}],"curies":[{"name":"wp","href":"https:\/\/api.w.org\/{rel}","templated":true}]}}