{"id":13982,"date":"2019-02-13T20:18:03","date_gmt":"2019-02-14T01:18:03","guid":{"rendered":"https:\/\/linitiative.ca\/International\/un-incendie-dun-entrepot-pres-dun-supermarche-au-sud-dabidjan-maitrise\/"},"modified":"2019-02-13T20:18:03","modified_gmt":"2019-02-14T01:18:03","slug":"un-incendie-dun-entrepot-pres-dun-supermarche-au-sud-dabidjan-maitrise","status":"publish","type":"post","link":"https:\/\/linitiative.ca\/International\/un-incendie-dun-entrepot-pres-dun-supermarche-au-sud-dabidjan-maitrise\/","title":{"rendered":"Un incendie d\u2019un entrep\u00f4t pr\u00e8s d\u2019un supermarch\u00e9 au Sud d\u2019Abidjan ma\u00eetris\u00e9"},"content":{"rendered":"<div readability=\"32\">\n<p>Publi\u00e9 le 14.02.2019 \u00e0 02h18 par APA News<\/p>\n<\/div>\n<div readability=\"64\">\n<p>Un incendie qui s\u2019est d\u00e9clench\u00e9 mercredi apr\u00e8s-midi dans un entrep\u00f4t pr\u00e8s de Prima Center, un supermarch\u00e9 de Marcory, une commune au Sud d\u2019Abidjan, a \u00e9t\u00e9 circonscrit par les sapeurs-pompiers militaires, selon des t\u00e9moins.L\u2019incident s\u2019est produit autour de 13h30 GMT (heure locale), rapportent des agents de s\u00e9curit\u00e9, qui confient que le feu s\u2019est d\u00e9clar\u00e9 \u00e0 la suite d\u2019un \u00ab court-circuit \u00bb dans ce magasin situ\u00e9 quasiment \u00e0 l\u2019arri\u00e8re du supermarch\u00e9.\u00a0<\/p>\n<p>Alert\u00e9s, les sapeurs-pompiers militaires ont d\u00e9ploy\u00e9 leur engin sur les lieux, pulv\u00e9risant avec de l\u2019eau le b\u00e2timent en flamme. Les soldats du feu ont r\u00e9ussi \u00e0 ma\u00eetriser les flammes aux environs de 20h GMT, mais des d\u00e9g\u00e2ts importants \u00e9taient perceptibles.<\/p>\n<p>Le magasin, aux dires d\u2019un vigile, comprenait notamment des articles pour enfants et des jouets destin\u00e9s aux tout-petits. Plusieurs marchandises ont \u00e9t\u00e9 en d\u00e9pit de l\u2019intervention des pompiers, entam\u00e9es par les flammes. \u00a0<\/p>\n<p><ins data-revive-zoneid=\"9\" data-revive-id=\"10111e19d28d19d031742ee3b0b33eb0\"\/> <\/p>\n<p>Selon une note de Prima Center Abidjan sur les r\u00e9seaux sociaux, \u00a0\u00ab l\u2019incendie ne concerne pas Prima Center mais plut\u00f4t un magasin avoisinant ce centre \u00bb qui \u00ab n\u2019a pas \u00e9t\u00e9 touch\u00e9 par cet incendie \u00bb.<\/p>\n<p>Le secteur abritant ce supermarch\u00e9 h\u00e9berge \u00e9galement plusieurs grandes surfaces. La commune de Marcory a connu ces derni\u00e8res ann\u00e9es un boom d\u2019espaces de fast-food et des supermarch\u00e9s de renoms. \u00a0Aucune perte en vie humaine n\u2019a \u00e9t\u00e9 d\u00e9plor\u00e9e.\u00a0<\/p>\n<\/div>\n<p>Auteur: APA News<br \/>\n<a href=\"https:\/\/www.journalducameroun.com\/un-incendie-dun-entrepot-pres-dun-supermarche-au-sud-dabidjan-maitrise\/\">Cliquez ici pour lire l&rsquo;article depuis sa source.<\/a><\/p>\n","protected":false},"excerpt":{"rendered":"<p>Publi\u00e9 le 14.02.2019 \u00e0 02h18 par APA News Un incendie qui s\u2019est d\u00e9clench\u00e9 mercredi apr\u00e8s-midi dans un entrep\u00f4t pr\u00e8s de Prima Center, un supermarch\u00e9 de Marcory, une commune au Sud d\u2019Abidjan, a \u00e9t\u00e9 circonscrit par les sapeurs-pompiers militaires, selon des t\u00e9moins.L\u2019incident s\u2019est produit autour de 13h30 GMT (heure locale), rapportent des agents de s\u00e9curit\u00e9, qui [&hellip;]<\/p>\n","protected":false},"author":1965,"featured_media":0,"comment_status":"closed","ping_status":"closed","sticky":false,"template":"","format":"standard","meta":{"fifu_image_url":"","fifu_image_alt":"","footnotes":""},"categories":[73,82],"tags":[],"class_list":["post-13982","post","type-post","status-publish","format-standard","hentry","category-actualite","category-cameroun"],"_links":{"self":[{"href":"https:\/\/linitiative.ca\/International\/wp-json\/wp\/v2\/posts\/13982","targetHints":{"allow":["GET"]}}],"collection":[{"href":"https:\/\/linitiative.ca\/International\/wp-json\/wp\/v2\/posts"}],"about":[{"href":"https:\/\/linitiative.ca\/International\/wp-json\/wp\/v2\/types\/post"}],"author":[{"embeddable":true,"href":"https:\/\/linitiative.ca\/International\/wp-json\/wp\/v2\/users\/1965"}],"replies":[{"embeddable":true,"href":"https:\/\/linitiative.ca\/International\/wp-json\/wp\/v2\/comments?post=13982"}],"version-history":[{"count":0,"href":"https:\/\/linitiative.ca\/International\/wp-json\/wp\/v2\/posts\/13982\/revisions"}],"wp:attachment":[{"href":"https:\/\/linitiative.ca\/International\/wp-json\/wp\/v2\/media?parent=13982"}],"wp:term":[{"taxonomy":"category","embeddable":true,"href":"https:\/\/linitiative.ca\/International\/wp-json\/wp\/v2\/categories?post=13982"},{"taxonomy":"post_tag","embeddable":true,"href":"https:\/\/linitiative.ca\/International\/wp-json\/wp\/v2\/tags?post=13982"}],"curies":[{"name":"wp","href":"https:\/\/api.w.org\/{rel}","templated":true}]}}