{"id":139821,"date":"2022-01-30T14:47:15","date_gmt":"2022-01-30T19:47:15","guid":{"rendered":"https:\/\/linitiative.ca\/International\/france-pour-obtenir-un-certificat-de-vaccination-et-eviter-de-recevoir-le-vaccin-ou-la-troisieme-dose-les-francais-attrapent-deliberement-le-coronavirus\/"},"modified":"2022-01-30T14:47:15","modified_gmt":"2022-01-30T19:47:15","slug":"france-pour-obtenir-un-certificat-de-vaccination-et-eviter-de-recevoir-le-vaccin-ou-la-troisieme-dose-les-francais-attrapent-deliberement-le-coronavirus","status":"publish","type":"post","link":"https:\/\/linitiative.ca\/International\/france-pour-obtenir-un-certificat-de-vaccination-et-eviter-de-recevoir-le-vaccin-ou-la-troisieme-dose-les-francais-attrapent-deliberement-le-coronavirus\/","title":{"rendered":"France : Pour obtenir un certificat de vaccination et \u00e9viter de recevoir le vaccin ou la troisi\u00e8me dose.. Les Fran\u00e7ais attrapent d\u00e9lib\u00e9r\u00e9ment le Coronavirus"},"content":{"rendered":"<div>\n<p>De nombreux Fran\u00e7ais ont tenu \u00e0 ne pas se faire vacciner contre le Covid-19, malgr\u00e9 le durcissement des restrictions par les autorit\u00e9s. Apr\u00e8s les protestations contre la vaccination et les analyses de d\u00e9pistage du Coronavirus qui ne sont valables qu\u2019en cas d\u2019urgence, cette frange de la population a pr\u00e9f\u00e9r\u00e9 aujourd\u2019hui attraper intentionnellement l\u2019\u00e9pid\u00e9mie pour obtenir [\u2026]<\/p>\n<p>L\u2019article <a href=\"https:\/\/www.tunisienumerique.com\/france-pour-obtenir-un-certificat-de-vaccination-et-eviter-de-recevoir-le-vaccin-ou-la-troisieme-dose-les-francais-attrapent-deliberement-le-coronavirus\/\">France : Pour obtenir un certificat de vaccination et \u00e9viter de recevoir le vaccin ou la troisi\u00e8me dose.. Les Fran\u00e7ais attrapent d\u00e9lib\u00e9r\u00e9ment le Coronavirus<\/a> est apparu en premier sur <a href=\"https:\/\/www.tunisienumerique.com\/\">Tunisie<\/a>.<\/p>\n<\/div>\n<p>Auteur: rania ben slimane<br \/>\n<a href=\"https:\/\/www.tunisienumerique.com\/france-pour-obtenir-un-certificat-de-vaccination-et-eviter-de-recevoir-le-vaccin-ou-la-troisieme-dose-les-francais-attrapent-deliberement-le-coronavirus\/\">Cliquez ici pour lire l&rsquo;article depuis sa source.<\/a><\/p>\n","protected":false},"excerpt":{"rendered":"<p>De nombreux Fran\u00e7ais ont tenu \u00e0 ne pas se faire vacciner contre le Covid-19, malgr\u00e9 le durcissement des restrictions par les autorit\u00e9s. Apr\u00e8s les protestations contre la vaccination et les analyses de d\u00e9pistage du Coronavirus qui ne sont valables qu\u2019en cas d\u2019urgence, cette frange de la population a pr\u00e9f\u00e9r\u00e9 aujourd\u2019hui attraper intentionnellement l\u2019\u00e9pid\u00e9mie pour obtenir [&hellip;]<\/p>\n","protected":false},"author":1789,"featured_media":0,"comment_status":"closed","ping_status":"closed","sticky":false,"template":"","format":"standard","meta":{"fifu_image_url":"","fifu_image_alt":"","footnotes":""},"categories":[73,55],"tags":[],"class_list":["post-139821","post","type-post","status-publish","format-standard","hentry","category-actualite","category-tunisie"],"_links":{"self":[{"href":"https:\/\/linitiative.ca\/International\/wp-json\/wp\/v2\/posts\/139821","targetHints":{"allow":["GET"]}}],"collection":[{"href":"https:\/\/linitiative.ca\/International\/wp-json\/wp\/v2\/posts"}],"about":[{"href":"https:\/\/linitiative.ca\/International\/wp-json\/wp\/v2\/types\/post"}],"author":[{"embeddable":true,"href":"https:\/\/linitiative.ca\/International\/wp-json\/wp\/v2\/users\/1789"}],"replies":[{"embeddable":true,"href":"https:\/\/linitiative.ca\/International\/wp-json\/wp\/v2\/comments?post=139821"}],"version-history":[{"count":0,"href":"https:\/\/linitiative.ca\/International\/wp-json\/wp\/v2\/posts\/139821\/revisions"}],"wp:attachment":[{"href":"https:\/\/linitiative.ca\/International\/wp-json\/wp\/v2\/media?parent=139821"}],"wp:term":[{"taxonomy":"category","embeddable":true,"href":"https:\/\/linitiative.ca\/International\/wp-json\/wp\/v2\/categories?post=139821"},{"taxonomy":"post_tag","embeddable":true,"href":"https:\/\/linitiative.ca\/International\/wp-json\/wp\/v2\/tags?post=139821"}],"curies":[{"name":"wp","href":"https:\/\/api.w.org\/{rel}","templated":true}]}}