{"id":139826,"date":"2022-01-30T16:24:47","date_gmt":"2022-01-30T21:24:47","guid":{"rendered":"https:\/\/linitiative.ca\/International\/un-message-une-vision\/"},"modified":"2022-01-30T16:24:47","modified_gmt":"2022-01-30T21:24:47","slug":"un-message-une-vision","status":"publish","type":"post","link":"https:\/\/linitiative.ca\/International\/un-message-une-vision\/","title":{"rendered":"Un message, une vision"},"content":{"rendered":"<div>\n<p>Apr\u00e8s le coup d\u2019Etat du 24 janvier 2022, les Burkinab\u00e8 attendaient l\u2019adresse du pr\u00e9sident du Mouvement patriotique pour la sauvegarde et la restauration (MPSR), le lieutenant-colonel Paul-Henri Sandaogo Damiba, pour \u00eatre situ\u00e9s sur les motifs de l\u2019irruption de l\u2019arm\u00e9e dans les affaires de l\u2019Etat. Ce discours est intervenu, le jeudi 27 janvier 2022, trois jours apr\u00e8s la prise du pouvoir par le MPSR. Sur la forme, il y a longtemps qu\u2019un militaire, en tant que chef de l\u2019Etat, s\u2019est adress\u00e9 aux Burkinab\u00e8 en tenue Terre du Burkina, le b\u00e9ret rouge des Forces arm\u00e9es viss\u00e9 sur la t\u00eate. Sur le temps du discours, on a not\u00e9 quinze minutes. Une prouesse\u00a0? Pourquoi pas\u00a0? Surtout qu\u2019il s\u2019agissait de faire un round up d\u2019une situation nationale assez complexe. Le rendu \u00e9galement force l\u2019admiration.<\/p>\n<p>Avec \u00e9l\u00e9gance et facilit\u00e9 mais d\u2019un ton solennel et ferme, le pr\u00e9sident du MPSR s\u2019est adress\u00e9 \u00e0 la fois au peuple burkinab\u00e8, aux amis du Burkina Faso et aux organisations r\u00e9gionales et sous r\u00e9gionales. Le fort emploi du pronom personnel \u00ab\u00a0je\u00a0\u00bb (il l\u2019a utilis\u00e9 au moins douze fois) est assez caract\u00e9ristique de l\u2019engagement personnel du pr\u00e9sident Damiba. Il y a le \u00ab\u00a0je\u00a0\u00bb mais aussi le \u00ab\u00a0nous\u00a0\u00bb, personnel pluriel comme pour dire qu\u2019il n\u2019est pas seul. Il y a aussi ses fr\u00e8res d\u2019armes avec lesquels il a pris le pouvoir. Le pr\u00e9sident du MPSR a bien utilis\u00e9 le r\u00e9troviseur, notre pass\u00e9 lointain ou proche, pour trouver les raisons qui ont conditionn\u00e9 l\u2019intervention des Forces de d\u00e9fense et de s\u00e9curit\u00e9 (FDS) dans les affaires de l\u2019Etat et par cons\u00e9quent, le renversement du r\u00e9gime de Roch Kabor\u00e9.<\/p>\n<p>Il y a surtout, cet ennemi commun auquel notre pays fait face depuis six ans\u00a0: le terrorisme. Le lieutenant-colonel Damiba a une pens\u00e9e forte \u00e0 l\u2019endroit de toutes les victimes du terrorisme. Il l\u2019a dit clairement, l\u2019av\u00e8nement du MPSR a \u00e9t\u00e9 impos\u00e9 par le cours des \u00e9v\u00e8nements dans notre pays fragilis\u00e9 par tant d\u2019\u00e9v\u00e8nements et essaim\u00e9 de toutes parts par des groupes arm\u00e9s radicaux. L\u2019ambition du MPSR, a-t-il dit, est de \u00ab\u00a0f\u00e9d\u00e9rer l\u2019ensemble des \u00e9nergies de notre pays pour jeter les bases d\u2019un Burkina Faso nouveau, d\u00e9barrass\u00e9 des oripeaux d\u2019une gestion politique aux antipodes des nouvelles aspirations de notre peuple. Notre agenda est unique et il est clair\u00a0: la sauvegarde de notre peuple et la refondation de notre Nation\u00a0\u00bb.<\/p>\n<p>La r\u00e9conciliation est en pole position des priorit\u00e9s des nouvelles autorit\u00e9s, qui ont entam\u00e9 des concertations avec les diff\u00e9rentes composantes de la Nation, y compris avec les personnalit\u00e9s du r\u00e9gime sortant, afin de d\u00e9gager les grandes lignes qui conduiront \u00e0 des d\u00e9cisions consensuelles et inclusives pour la refondation et la restauration d\u2019une paix durable. Au passage, il a interpell\u00e9, sinon, mis en garde tous ceux qui ne seront guid\u00e9s que par leurs int\u00e9r\u00eats \u00e9go\u00efstes envers qui, il sera \u00ab\u00a0intraitable\u00a0\u00bb. Le leader du MPSR en s\u2019adressant au peuple burkinab\u00e8 confesse que la t\u00e2che qui nous attend est immense. La r\u00e9conciliation, surtout la s\u00e9curit\u00e9, n\u0153ud gordien qui brise le r\u00eave burkinab\u00e8 depuis maintenant six ans et qui \u00e9tait en train d\u2019engendrer une rupture de confiance entre les FDS et le peuple, sera au c\u0153ur de l\u2019engagement du MPSR. Le chef de l\u2019Etat a appel\u00e9 les FDS et les Volontaires pour la d\u00e9fense de la patrie (VDP) \u00e0 se mettre en ordre de marche pour la reconqu\u00eate de notre territoire. C\u2019est donc un premier discours d\u2019engagement \u00e0 prendre les d\u00e9cisions avec le peuple. Le fin mot est bien la volont\u00e9 affirm\u00e9e du retour \u00e0 l\u2019Etat de droit. Pour \u00e9viter les erreurs du pass\u00e9, le pr\u00e9sident Damiba, qui s\u2019engage \u00e0 un retour \u00e0 une vie constitutionnelle normale, le fera \u00ab\u00a0d\u00e8s que les conditions seront r\u00e9unies selon les \u00e9ch\u00e9ances que notre peuple aura souverainement d\u00e9finies\u00a0\u00bb.<\/p>\n<p>Le lieutenant-colonel Damiba s\u2019est adress\u00e9 \u00e9galement \u00e0 la communaut\u00e9 internationale. Certainement aux organisations sous r\u00e9gionales, promptes \u00e0 exercer une pression sur tout r\u00e9gime inconstitutionnel. Aux amis du Burkina, il demande un accompagnement pour pouvoir revenir \u00e0 cette vie constitutionnelle normale. La justice et les droits humains seront respect\u00e9s, a-t-il d\u2019ores et d\u00e9j\u00e0 promis. Tous les proc\u00e8s en cours ne verront aucune immixtion du politique, a-t-il aussi rassur\u00e9. Conscient que tous ces engagements ne peuvent \u00eatre tenus sans l\u2019adh\u00e9sion des Burkinab\u00e8, il a pr\u00e9venu que chaque citoyen devra faire preuve de courage, de d\u00e9sint\u00e9ressement et de d\u00e9termination.<\/p>\n<p style=\"text-align: right\"><strong>Mahamadi TIEGNA <\/strong><\/p>\n<p style=\"text-align: right\"><strong>mahamaditiegna@yahoo.fr <\/strong><\/p>\n<p>L\u2019article <a rel=\"nofollow\" href=\"https:\/\/www.sidwaya.info\/blog\/2022\/01\/30\/un-message-une-vision\/\">Un message, une vision<\/a> est apparu en premier sur <a rel=\"nofollow\" href=\"https:\/\/www.sidwaya.info\/\">Quotidien Sidwaya<\/a>.<\/p>\n<\/div>\n<p>Auteur: JK. Sidwaya<br \/>\n<a href=\"https:\/\/www.sidwaya.info\/blog\/2022\/01\/30\/un-message-une-vision\/?utm_source=rss&#038;utm_medium=rss&#038;utm_campaign=un-message-une-vision\">Cliquez ici pour lire l&rsquo;article depuis sa source.<\/a><\/p>\n","protected":false},"excerpt":{"rendered":"<p>Apr\u00e8s le coup d\u2019Etat du 24 janvier 2022, les Burkinab\u00e8 attendaient l\u2019adresse du pr\u00e9sident du Mouvement patriotique pour la sauvegarde et la restauration (MPSR), le lieutenant-colonel Paul-Henri Sandaogo Damiba, pour \u00eatre situ\u00e9s sur les motifs de l\u2019irruption de l\u2019arm\u00e9e dans les affaires de l\u2019Etat. Ce discours est intervenu, le jeudi 27 janvier 2022, trois jours [&hellip;]<\/p>\n","protected":false},"author":1816,"featured_media":0,"comment_status":"closed","ping_status":"closed","sticky":false,"template":"","format":"standard","meta":{"fifu_image_url":"","fifu_image_alt":"","footnotes":""},"categories":[73,81],"tags":[],"class_list":["post-139826","post","type-post","status-publish","format-standard","hentry","category-actualite","category-burkina-faso"],"_links":{"self":[{"href":"https:\/\/linitiative.ca\/International\/wp-json\/wp\/v2\/posts\/139826","targetHints":{"allow":["GET"]}}],"collection":[{"href":"https:\/\/linitiative.ca\/International\/wp-json\/wp\/v2\/posts"}],"about":[{"href":"https:\/\/linitiative.ca\/International\/wp-json\/wp\/v2\/types\/post"}],"author":[{"embeddable":true,"href":"https:\/\/linitiative.ca\/International\/wp-json\/wp\/v2\/users\/1816"}],"replies":[{"embeddable":true,"href":"https:\/\/linitiative.ca\/International\/wp-json\/wp\/v2\/comments?post=139826"}],"version-history":[{"count":0,"href":"https:\/\/linitiative.ca\/International\/wp-json\/wp\/v2\/posts\/139826\/revisions"}],"wp:attachment":[{"href":"https:\/\/linitiative.ca\/International\/wp-json\/wp\/v2\/media?parent=139826"}],"wp:term":[{"taxonomy":"category","embeddable":true,"href":"https:\/\/linitiative.ca\/International\/wp-json\/wp\/v2\/categories?post=139826"},{"taxonomy":"post_tag","embeddable":true,"href":"https:\/\/linitiative.ca\/International\/wp-json\/wp\/v2\/tags?post=139826"}],"curies":[{"name":"wp","href":"https:\/\/api.w.org\/{rel}","templated":true}]}}