{"id":139831,"date":"2022-01-30T16:55:59","date_gmt":"2022-01-30T21:55:59","guid":{"rendered":"https:\/\/linitiative.ca\/International\/une-mission-de-la-cedeao-attendue-aujourdhui\/"},"modified":"2022-01-30T16:55:59","modified_gmt":"2022-01-30T21:55:59","slug":"une-mission-de-la-cedeao-attendue-aujourdhui","status":"publish","type":"post","link":"https:\/\/linitiative.ca\/International\/une-mission-de-la-cedeao-attendue-aujourdhui\/","title":{"rendered":"Une mission de la CEDEAO attendue aujourd\u2019hui"},"content":{"rendered":"<div>\n<p><strong>La Conf\u00e9rence des Chefs d\u2019Etat et de Gouvernement de la Communaut\u00e9 \u00e9conomique des Etats de l\u2019Afrique de l\u2019Ouest (CEDEAO) s\u2019est r\u00e9unie en session extraordinaire, par visioconf\u00e9rence, le 28 janvier 2022, sous la pr\u00e9sidence de S.E.M. Nana Addo Dankwa Akufo-Addo, Pr\u00e9sident de la R\u00e9publique du Ghana et Pr\u00e9sident en exercice de la Conf\u00e9rence. A l\u2019issue de la rencontre, l\u2019instance sous r\u00e9gionale a produit un communiqu\u00e9 final.<\/strong><\/p>\n<p>1. Cette session extraordinaire a \u00e9t\u00e9 convoqu\u00e9e \u00e0 l\u2019effet d\u2019examiner les \u00e9volutions politiques au Burkina Faso, suite au coup d\u2019Etat survenu dans ce pays, le 24 janvier 2022, qui a renvers\u00e9 le gouvernement d\u00e9mocratiquement \u00e9lu de S.E.M. Roch Marc Christian Kabor\u00e9.<\/p>\n<p>2. Etaient pr\u00e9sents \u00e0 ce Sommet, les Chefs d\u2019Etat et de Gouvernement ci-apr\u00e8s, ou leurs repr\u00e9sentants d\u00fbment mandat\u00e9s :<\/p>\n<p>\u2022 S.E.M. Patrice TALON, Pr\u00e9sident de la R\u00e9publique du B\u00e9nin ;<\/p>\n<p>\u2022 S.E.M. Jose Maria NEVES, Pr\u00e9sident de la R\u00e9publique du Cabo Verde ;<\/p>\n<p>\u2022 S.E.M. Alassane OUATTARA, Pr\u00e9sident de la R\u00e9publique de C\u00f4te d\u2019Ivoire ;<\/p>\n<p>\u2022 S.E.M. Adama BARROW, Pr\u00e9sident de la R\u00e9publique de Gambie ;<\/p>\n<p>\u2022 S.E.M. Nana Addo Dankwa AKUFO-ADDO, Pr\u00e9sident de la R\u00e9publique du Ghana ;<\/p>\n<p>\u2022 S.E.M. Umaro Sissoco EMBALO, Pr\u00e9sident de la R\u00e9publique de Guin\u00e9e Bissau ;<\/p>\n<p>\u2022 S.E.M. George Manneh WEAH, Pr\u00e9sident de la R\u00e9publique du Liberia ;<\/p>\n<p>\u2022 S.E.M. Muhammadu BUHARI, Pr\u00e9sident de la R\u00e9publique f\u00e9d\u00e9rale du Nigeria ; \u2022 S.E.M. Mohamed BAZOUM, Pr\u00e9sident de la R\u00e9publique du Niger ;<\/p>\n<p>\u2022 S.E.M. Julius Maada BIO, Pr\u00e9sident de la R\u00e9publique de Sierra Leone ;<\/p>\n<p>\u2022 S.E.M. Faure Essozimna GNASSINGBE, Pr\u00e9sident de la R\u00e9publique Togolaise ;<\/p>\n<p>\u2022 S.E.M. Sidiki Kaba, Ministre des Forces Arm\u00e9es, R\u00e9publique du S\u00e9n\u00e9gal.<\/p>\n<p>3. Ont \u00e9galement assist\u00e9 \u00e0 cette Session :<\/p>\n<p>\u2022 S.E.M. Moussa Faki, Pr\u00e9sident de la Commission de l\u2019Union Africaine ;<\/p>\n<p>\u2022 S.E.M. Jean-Claude Kassi BROU, Pr\u00e9sident de la Commission de la CEDEAO ;<\/p>\n<p>\u2022 S.E.M. Mahamat Saleh ANNADIF, Repr\u00e9sentant Sp\u00e9cial du Secr\u00e9taire g\u00e9n\u00e9ral des Nations Unies pour l\u2019Afrique de l\u2019Ouest et le Sahel (UNOWAS) ; `<\/p>\n<p>\u2022 S.E.M. Abdoulaye DIOP, Pr\u00e9sident de la Commission de l\u2019UEMOA.<\/p>\n<p>4. Les Chefs d\u2019Etat et de Gouvernement ont pris note du m\u00e9morandum relatif \u00e0 la situation politique au Burkina Faso, pr\u00e9sent\u00e9 par S.E.M. Jean-Claude Kassi BROU, Pr\u00e9sident de la Commission de la CEDEAO. La Conf\u00e9rence a salu\u00e9 la qualit\u00e9 du rapport et pris note des recommandations qui y sont formul\u00e9es.<\/p>\n<p>5. La Conf\u00e9rence condamne fermement ce coup d\u2019Etat et exprime sa profonde pr\u00e9occupation face \u00e0 la r\u00e9surgence des putschs militaires dans la r\u00e9gion, suite \u00e0 ceux perp\u00e9tr\u00e9s au Mali le 18 ao\u00fbt 2020, en Guin\u00e9e, le 5 septembre 2021 et au Burkina Faso, le 24 janvier 2022. Le coup de force au Burkina Faso a \u00e9t\u00e9 effectu\u00e9 en faisant en sorte d\u2019obtenir sous la contrainte la d\u00e9mission du Pr\u00e9sident Roch Marc Christian Kabor\u00e9.<\/p>\n<p>6. La Conf\u00e9rence r\u00e9affirme son engagement total en faveur du principe de la tol\u00e9rance z\u00e9ro pour l\u2019accession au pouvoir par des moyens anticonstitutionnels, tel qu\u2019\u00e9dict\u00e9 dans le Protocole additionnel de 2001 de la CEDEAO, relatif \u00e0 la D\u00e9mocratie et la Bonne gouvernance. Par ailleurs, la Conf\u00e9rence :<\/p>\n<p>a. exige la lib\u00e9ration imm\u00e9diate et la protection du Pr\u00e9sident Roch Marc Christian Kabor\u00e9 et de tous les autres d\u00e9tenus politiques ;<\/p>\n<p>b. d\u00e9cide de suspendre le Burkina de toutes les Institutions de la CEDEAO ;<\/p>\n<p>c. exige le r\u00e9tablissement imm\u00e9diat de l\u2019ordre constitutionnel par les militaires, en les engageant \u00e0 se conformer \u00e0 l\u2019esprit r\u00e9publicain et s\u2019en tenir \u00e0 leur r\u00f4le de pr\u00e9servation de l\u2019int\u00e9grit\u00e9 territoriale du pays ; d. charge le Comit\u00e9 des Chefs d\u2019Etat-major (CCEM) de d\u00e9ployer sans d\u00e9lai une mission au Burkina Faso pour mener des consultations avec les dirigeants militaires et faire l\u2019\u00e9valuation de la situation s\u00e9curitaire dans le pays en vue de soumettre un rapport \u00e0 la Conf\u00e9rence des Chefs d\u2019Etat et de Gouvernement ; e. charge \u00e9galement la Commission d\u2019organiser le d\u00e9ploiement au Burkina Faso, le 31 janvier 2022, d\u2019une mission minist\u00e9rielle de la CEDEAO dirig\u00e9e par la Pr\u00e9sidente du Conseil des ministres pour \u00e9valuer la situation politique et soumettre un rapport \u00e0 la Conf\u00e9rence des Chefs d\u2019Etat et de Gouvernement.<\/p>\n<p>Le Repr\u00e9sentant Sp\u00e9cial des Nations Unies en Afrique de l\u2019Ouest et au Sahel, ainsi que l\u2019Union Africaine participeront \u00e0 cette mission.<\/p>\n<p>8. La Conf\u00e9rence a suivi un compte rendu sur les derni\u00e8res \u00e9volutions de la situation politique au Mali et en Guin\u00e9e.<\/p>\n<p>9. La Conf\u00e9rence invite la Commission \u00e0 finaliser les travaux en cours portant sur la r\u00e9vision du Protocole sur la D\u00e9mocratie et la Bonne gouvernance.<\/p>\n<p>10. Elle d\u00e9cide de convoquer un Sommet extraordinaire le 3 f\u00e9vrier 2022, \u00e0 Accra, Ghana, pour faire le point de la situation au Burkina, en Guin\u00e9e et au Mali.<\/p>\n<p>11. Les Chefs d\u2019Etat et de Gouvernement expriment leur profonde gratitude \u00e0 S.E.M. Nana Addo Dankwa AKUFO-ADDO, Pr\u00e9sident de la R\u00e9publique du Ghana et Pr\u00e9sident de la Conf\u00e9rence des Chefs d\u2019Etat et de Gouvernement de la CEDEAO, pour le leadership exemplaire dont il a fait preuve en vue d\u2019assurer la r\u00e9ussite de ce Sommet.<\/p>\n<p style=\"text-align: right\"><strong>Fait, le 28 janvier 2022 <\/strong><\/p>\n<p style=\"text-align: right\"><strong>LA CONFERENCE <\/strong><\/p>\n<p>L\u2019article <a rel=\"nofollow\" href=\"https:\/\/www.sidwaya.info\/blog\/2022\/01\/30\/une-mission-de-la-cedeao-attendue-aujourdhui\/\">Une mission de la CEDEAO attendue aujourd\u2019hui<\/a> est apparu en premier sur <a rel=\"nofollow\" href=\"https:\/\/www.sidwaya.info\/\">Quotidien Sidwaya<\/a>.<\/p>\n<\/div>\n<p>Auteur: JK. Sidwaya<br \/>\n<a href=\"https:\/\/www.sidwaya.info\/blog\/2022\/01\/30\/une-mission-de-la-cedeao-attendue-aujourdhui\/?utm_source=rss&#038;utm_medium=rss&#038;utm_campaign=une-mission-de-la-cedeao-attendue-aujourdhui\">Cliquez ici pour lire l&rsquo;article depuis sa source.<\/a><\/p>\n","protected":false},"excerpt":{"rendered":"<p>La Conf\u00e9rence des Chefs d\u2019Etat et de Gouvernement de la Communaut\u00e9 \u00e9conomique des Etats de l\u2019Afrique de l\u2019Ouest (CEDEAO) s\u2019est r\u00e9unie en session extraordinaire, par visioconf\u00e9rence, le 28 janvier 2022, sous la pr\u00e9sidence de S.E.M. Nana Addo Dankwa Akufo-Addo, Pr\u00e9sident de la R\u00e9publique du Ghana et Pr\u00e9sident en exercice de la Conf\u00e9rence. A l\u2019issue de [&hellip;]<\/p>\n","protected":false},"author":1816,"featured_media":0,"comment_status":"closed","ping_status":"closed","sticky":false,"template":"","format":"standard","meta":{"fifu_image_url":"","fifu_image_alt":"","footnotes":""},"categories":[73,81],"tags":[],"class_list":["post-139831","post","type-post","status-publish","format-standard","hentry","category-actualite","category-burkina-faso"],"_links":{"self":[{"href":"https:\/\/linitiative.ca\/International\/wp-json\/wp\/v2\/posts\/139831","targetHints":{"allow":["GET"]}}],"collection":[{"href":"https:\/\/linitiative.ca\/International\/wp-json\/wp\/v2\/posts"}],"about":[{"href":"https:\/\/linitiative.ca\/International\/wp-json\/wp\/v2\/types\/post"}],"author":[{"embeddable":true,"href":"https:\/\/linitiative.ca\/International\/wp-json\/wp\/v2\/users\/1816"}],"replies":[{"embeddable":true,"href":"https:\/\/linitiative.ca\/International\/wp-json\/wp\/v2\/comments?post=139831"}],"version-history":[{"count":0,"href":"https:\/\/linitiative.ca\/International\/wp-json\/wp\/v2\/posts\/139831\/revisions"}],"wp:attachment":[{"href":"https:\/\/linitiative.ca\/International\/wp-json\/wp\/v2\/media?parent=139831"}],"wp:term":[{"taxonomy":"category","embeddable":true,"href":"https:\/\/linitiative.ca\/International\/wp-json\/wp\/v2\/categories?post=139831"},{"taxonomy":"post_tag","embeddable":true,"href":"https:\/\/linitiative.ca\/International\/wp-json\/wp\/v2\/tags?post=139831"}],"curies":[{"name":"wp","href":"https:\/\/api.w.org\/{rel}","templated":true}]}}