{"id":139832,"date":"2022-01-30T16:56:00","date_gmt":"2022-01-30T21:56:00","guid":{"rendered":"https:\/\/linitiative.ca\/International\/situation-nationale-les-chefs-militaires-ouest-africains-rencontrent-le-mpsr\/"},"modified":"2022-01-30T16:56:00","modified_gmt":"2022-01-30T21:56:00","slug":"situation-nationale-les-chefs-militaires-ouest-africains-rencontrent-le-mpsr","status":"publish","type":"post","link":"https:\/\/linitiative.ca\/International\/situation-nationale-les-chefs-militaires-ouest-africains-rencontrent-le-mpsr\/","title":{"rendered":"Situation nationale : les chefs militaires Ouest-africains rencontrent le MPSR"},"content":{"rendered":"<div>\n<p><strong>Les membres du Mouvement patriotique pour la sauvegarde et la restauration (MPSR) ont eu une s\u00e9ance de travail, le samedi 29 janvier 2022, avec une d\u00e9l\u00e9gation de chefs d\u2019\u00e9tat-major des pays membres de la CEDEAO conduite par le vice-admiral, Seth Amoama. <\/strong><\/p>\n<figure id=\"attachment_44934\" aria-describedby=\"caption-attachment-44934\" style=\"width: 300px\" class=\"wp-caption alignleft\"><img decoding=\"async\" loading=\"lazy\" class=\"wp-image-44934 size-medium\" src=\"https:\/\/linitiative.ca\/International\/wp-content\/uploads\/sites\/23\/2022\/01\/1-66-300x200-1.jpg\" alt=\"\" width=\"300\" height=\"200\" srcset=\"https:\/\/linitiative.ca\/International\/wp-content\/uploads\/sites\/23\/2022\/01\/1-66-300x200-1.jpg 300w, https:\/\/www.sidwaya.info\/wp-content\/uploads\/2022\/01\/1-66-150x100.jpg 150w, https:\/\/www.sidwaya.info\/wp-content\/uploads\/2022\/01\/1-66.jpg 595w\" sizes=\"auto, (max-width: 300px) 100vw, 300px\"><figcaption id=\"caption-attachment-44934\" class=\"wp-caption-text\">A l\u2019issue de la rencontre, les chefs d\u2019\u00e9tat-major de la CEDEAO se sont entretenus avec le chef de l\u2019Etat, le lt-col Paul-Henri Sandaogo Damiba.<\/figcaption><\/figure>\n<p>Les \u00e9missaires de l\u2019organisation sous r\u00e9gionale ouest-africaine \u00e9taient \u00e0 Ouagadougou pour une visite de 48 heures. Dans le cadre de leur mission, ils se sont entretenus, le samedi 29 janvier 2022, avec une d\u00e9l\u00e9gation du Mouvement patriotique pour la sauvegarde et la restauration (MPSR) sur les raisons du changement politique intervenu au Burkina Faso, le 24 janvier dernier. La CEDEAO dit porter une attention particuli\u00e8re \u00e0 la situation actuelle du Burkina Faso au regard de l\u2019actualit\u00e9 dans la sous-r\u00e9gion marqu\u00e9e par des changements politiques n\u00e9s de la crise s\u00e9curitaire et de ses r\u00e9percussions sur les populations. Le Mouvement patriotique pour la sauvegarde et la restauration a salu\u00e9 cette marque d\u2019int\u00e9r\u00eat de la CEDEAO, manifest\u00e9e par l\u2019envoi de la pr\u00e9sente mission. La d\u00e9l\u00e9gation du MPSR a expliqu\u00e9 aux \u00e9missaires de l\u2019organisation communautaire, que les r\u00e9cents changements politiques r\u00e9pondent aux attentes des populations en termes de s\u00e9curit\u00e9, de refondation de la Nation burkinab\u00e8, et des valeurs de la R\u00e9publique. Le MPSR a r\u00e9affirm\u00e9 son engagement vis-\u00e0-vis des organisations sous r\u00e9gionales et internationales. A l\u2019issue de cette rencontre avec le MPSR, les chefs d\u2019\u00e9tat-major des pays membres de la CEDEAO ont eu un bref entretien avec le chef de l\u2019Etat, le lieutenant-colonel Paul-Henri Sandaogo Damiba.<\/p>\n<p style=\"text-align: right\"><strong>Direction de la communication <\/strong><\/p>\n<p style=\"text-align: right\"><strong>de la Pr\u00e9sidence du Faso <\/strong><\/p>\n<p>L\u2019article <a rel=\"nofollow\" href=\"https:\/\/www.sidwaya.info\/blog\/2022\/01\/30\/situation-nationale-les-chefs-militaires-ouest-africains-rencontrent-le-mpsr\/\">Situation nationale : les chefs militaires Ouest-africains rencontrent le MPSR<\/a> est apparu en premier sur <a rel=\"nofollow\" href=\"https:\/\/www.sidwaya.info\/\">Quotidien Sidwaya<\/a>.<\/p>\n<\/div>\n<p>Auteur: JK. Sidwaya<br \/>\n<a href=\"https:\/\/www.sidwaya.info\/blog\/2022\/01\/30\/situation-nationale-les-chefs-militaires-ouest-africains-rencontrent-le-mpsr\/?utm_source=rss&#038;utm_medium=rss&#038;utm_campaign=situation-nationale-les-chefs-militaires-ouest-africains-rencontrent-le-mpsr\">Cliquez ici pour lire l&rsquo;article depuis sa source.<\/a><\/p>\n","protected":false},"excerpt":{"rendered":"<p>Les membres du Mouvement patriotique pour la sauvegarde et la restauration (MPSR) ont eu une s\u00e9ance de travail, le samedi 29 janvier 2022, avec une d\u00e9l\u00e9gation de chefs d\u2019\u00e9tat-major des pays membres de la CEDEAO conduite par le vice-admiral, Seth Amoama. A l\u2019issue de la rencontre, les chefs d\u2019\u00e9tat-major de la CEDEAO se sont entretenus [&hellip;]<\/p>\n","protected":false},"author":1816,"featured_media":0,"comment_status":"closed","ping_status":"closed","sticky":false,"template":"","format":"standard","meta":{"fifu_image_url":"https:\/\/www.sidwaya.info\/wp-content\/uploads\/2022\/01\/1-66-300x200.jpg","fifu_image_alt":"Situation nationale : les chefs militaires Ouest-africains rencontrent le MPSR","footnotes":""},"categories":[73,81],"tags":[],"class_list":["post-139832","post","type-post","status-publish","format-standard","hentry","category-actualite","category-burkina-faso"],"_links":{"self":[{"href":"https:\/\/linitiative.ca\/International\/wp-json\/wp\/v2\/posts\/139832","targetHints":{"allow":["GET"]}}],"collection":[{"href":"https:\/\/linitiative.ca\/International\/wp-json\/wp\/v2\/posts"}],"about":[{"href":"https:\/\/linitiative.ca\/International\/wp-json\/wp\/v2\/types\/post"}],"author":[{"embeddable":true,"href":"https:\/\/linitiative.ca\/International\/wp-json\/wp\/v2\/users\/1816"}],"replies":[{"embeddable":true,"href":"https:\/\/linitiative.ca\/International\/wp-json\/wp\/v2\/comments?post=139832"}],"version-history":[{"count":0,"href":"https:\/\/linitiative.ca\/International\/wp-json\/wp\/v2\/posts\/139832\/revisions"}],"wp:attachment":[{"href":"https:\/\/linitiative.ca\/International\/wp-json\/wp\/v2\/media?parent=139832"}],"wp:term":[{"taxonomy":"category","embeddable":true,"href":"https:\/\/linitiative.ca\/International\/wp-json\/wp\/v2\/categories?post=139832"},{"taxonomy":"post_tag","embeddable":true,"href":"https:\/\/linitiative.ca\/International\/wp-json\/wp\/v2\/tags?post=139832"}],"curies":[{"name":"wp","href":"https:\/\/api.w.org\/{rel}","templated":true}]}}