{"id":139834,"date":"2022-01-30T02:18:03","date_gmt":"2022-01-30T07:18:03","guid":{"rendered":"https:\/\/linitiative.ca\/International\/afrique-la-bad-au-secours-de-lindustrie-pharmaceutique\/"},"modified":"2022-01-30T02:18:03","modified_gmt":"2022-01-30T07:18:03","slug":"afrique-la-bad-au-secours-de-lindustrie-pharmaceutique","status":"publish","type":"post","link":"https:\/\/linitiative.ca\/International\/afrique-la-bad-au-secours-de-lindustrie-pharmaceutique\/","title":{"rendered":"Afrique : la Bad au secours de l\u2019industrie pharmaceutique"},"content":{"rendered":"<div>\n<p><img decoding=\"async\" width=\"1000\" height=\"750\" src=\"https:\/\/linitiative.ca\/International\/wp-content\/uploads\/sites\/23\/2022\/01\/16435270836445.jpg\" class=\"attachment-post-thumbnail size-post-thumbnail wp-post-image\" alt=\"\" loading=\"lazy\" srcset=\"https:\/\/linitiative.ca\/International\/wp-content\/uploads\/sites\/23\/2022\/01\/16435270836445.jpg 1000w, https:\/\/www.journalducameroun.com\/wp-content\/uploads\/2022\/01\/16435270836445-300x225.jpg 300w, https:\/\/www.journalducameroun.com\/wp-content\/uploads\/2022\/01\/16435270836445-768x576.jpg 768w, https:\/\/www.journalducameroun.com\/wp-content\/uploads\/2022\/01\/16435270836445-587x440.jpg 587w, https:\/\/www.journalducameroun.com\/wp-content\/uploads\/2022\/01\/16435270836445-600x450.jpg 600w\" sizes=\"auto, (max-width: 1000px) 100vw, 1000px\"><\/p>\n<p>La Banque africaine de d\u00e9veloppement (Bad) va d\u00e9bloquer 3 milliards de dollars pour accompagner la relance de l&rsquo;industrie pharmaceutique du continent, a annonc\u00e9, samedi \u00e0 Dakar, Dr Akinwumi Adesina.C&rsquo;est une visite symbolique qu&rsquo;a effectu\u00e9e le pr\u00e9sident de la Bad, Dr Akinwumi Adesina, \u00e0 l&rsquo;Institut Pasteur de Dakar (IPD). Ce centre de recherche est en effet\u00a0\u00e0 la pointe de la lutte contre les maladies infectieuses dont souffre l&rsquo;Afrique et travaille actuellement sur la production de vaccins contre la Covid-19.<\/p>\n<p>Accompagn\u00e9 du ministre en charge du suivi du Plan S\u00e9n\u00e9gal \u00e9mergent (PSE), Abdou Karim Fofana, le patron de la banque panafricaine a pass\u00e9 en revue les installations de l&rsquo;IPD avant d&rsquo;animer une conf\u00e9rence de presse.<\/p>\n<p>Au cours de cette derni\u00e8re, il a annonc\u00e9 la mise \u00e0 la disposition de l&rsquo;Afrique d&rsquo;un pactole de 3 milliards de dollars, soit\u00a01764 milliards de francs CFA, pour booster la production locale de m\u00e9dicaments.<\/p>\n<p>Dans l&rsquo;imm\u00e9diat, ces fonds devraient permettre la production de rem\u00e8des contre le coronavirus. Car au moment o\u00f9 \u00ab\u00a0les gens parlent de quatri\u00e8me et de cinqui\u00e8me doses, apr\u00e8s avoir pris les trois premi\u00e8res, en Afrique, on cherche la premi\u00e8re\u00a0\u00bb, a d\u00e9plor\u00e9 le banquier, ajoutant que l&rsquo;in\u00e9galit\u00e9 qui existe dans la distribution des vaccins doit \u00eatre r\u00e9gl\u00e9e.<\/p>\n<p>\u00ab\u00a0Les Africains ne doivent pas \u00eatre laiss\u00e9s au plus bas de l&rsquo;\u00e9chelle concernant les vaccins. Ils ne peuvent pas aussi d\u00e9pendre toujours d&rsquo;un syst\u00e8me qui produit tout ce qui est li\u00e9 aux vaccins, aux tests et qui est concentr\u00e9 hors de l&rsquo;Afrique\u00a0\u00bb, a soutenu Dr Adesina.<\/p>\n<p>Pour inverser la tendance, il a estim\u00e9 que \u00ab\u00a0l&rsquo;Afrique doit avoir la capacit\u00e9 de g\u00e9rer tout ce qui est li\u00e9 \u00e0 la Covid-19 en \u00e9tant capable de faire des tests, d&rsquo;avoir acc\u00e8s aux vaccins, mais aussi de pouvoir les produire sur place\u00a0\u00bb.<\/p>\n<p>A l&rsquo;en croire, entre 80 et 95% des produits pharmaceutiques utilis\u00e9s en Afrique sont import\u00e9s, alors qu&rsquo;il y a l\u00e0 \u00ab\u00a0une concentration\u00a0\u00bb de maladies comme le Paludisme, le Sida, la Fi\u00e8vre jaune ou encore Ebola.<\/p>\n<p>Faisant r\u00e9f\u00e9rence \u00e0 la p\u00e9nurie de m\u00e9dicaments durant la crise de la Covid-19, il a rappel\u00e9 l&rsquo;attitude des pays occidentaux qui se sont d&rsquo;abord pr\u00e9occup\u00e9s de la sant\u00e9 de leurs populations avant de penser aux pays en d\u00e9veloppement.<\/p>\n<p>Partant de ce constat, il a soulign\u00e9 la n\u00e9cessit\u00e9 pour le continent \u00ab\u00a0d&rsquo;avoir la capacit\u00e9 de produire des m\u00e9dicaments pour assurer la sant\u00e9 de la population et ne pas laisser la sant\u00e9 de 1,4 milliard de personnes \u00e0 la g\u00e9n\u00e9rosit\u00e9 des autres.\u00a0\u00bb<\/p>\n<p>Et pour y arriver, a-t-il affirm\u00e9, \u00a0les \u00c9tats africains doivent avoir les capacit\u00e9s techniques, la mati\u00e8re premi\u00e8re, les laboratoires, mais aussi soutenir le secteur pharmaceutique local.<\/p>\n<p>Il a ainsi annonc\u00e9 une collaboration entre la Bad et l&rsquo;IPD dans la production de tests rapides, de produits pharmaceutiques pour d&rsquo;autres maladies et la fabrication des vaccins contre la Covid-19 dont moins de 1% des sont produits en Afrique.<\/p>\n<p>L&rsquo;Administrateur g\u00e9n\u00e9ral adjoint de l&rsquo;Institut Pasteur de Dakar, Dr Ousmane Faye, a estim\u00e9 \u00e0 220 millions de dollars les fonds n\u00e9cessaires \u00e0 l&rsquo;IPD pour produire 50 millions de doses de vaccins entre 2022 et 2023. Dr Akinwumi Adesina lui a assur\u00e9 du soutien de la Bad et promis une assistance financi\u00e8re comprise entre 45 et 100 millions de dollars.<\/p>\n<p>Cet article <a rel=\"nofollow\" href=\"https:\/\/www.journalducameroun.com\/afrique-la-bad-au-secours-de-lindustrie-pharmaceutique\/\">Afrique : la Bad au secours de l\u2019industrie pharmaceutique<\/a> est apparu en premier sur <a rel=\"nofollow\" href=\"https:\/\/www.journalducameroun.com\/\">Journal du Cameroun<\/a>.<\/p>\n<\/div>\n<p>Auteur: APA News<br \/>\n<a href=\"https:\/\/www.journalducameroun.com\/afrique-la-bad-au-secours-de-lindustrie-pharmaceutique\/\">Cliquez ici pour lire l&rsquo;article depuis sa source.<\/a><\/p>\n","protected":false},"excerpt":{"rendered":"<p>La Banque africaine de d\u00e9veloppement (Bad) va d\u00e9bloquer 3 milliards de dollars pour accompagner la relance de l&rsquo;industrie pharmaceutique du continent, a annonc\u00e9, samedi \u00e0 Dakar, Dr Akinwumi Adesina.C&rsquo;est une visite symbolique qu&rsquo;a effectu\u00e9e le pr\u00e9sident de la Bad, Dr Akinwumi Adesina, \u00e0 l&rsquo;Institut Pasteur de Dakar (IPD). Ce centre de recherche est en effet\u00a0\u00e0 [&hellip;]<\/p>\n","protected":false},"author":1965,"featured_media":0,"comment_status":"closed","ping_status":"closed","sticky":false,"template":"","format":"standard","meta":{"fifu_image_url":"https:\/\/www.journalducameroun.com\/wp-content\/uploads\/2022\/01\/16435270836445.jpg","fifu_image_alt":"Afrique : la Bad au secours de l\u2019industrie pharmaceutique","footnotes":""},"categories":[73,82],"tags":[],"class_list":["post-139834","post","type-post","status-publish","format-standard","hentry","category-actualite","category-cameroun"],"_links":{"self":[{"href":"https:\/\/linitiative.ca\/International\/wp-json\/wp\/v2\/posts\/139834","targetHints":{"allow":["GET"]}}],"collection":[{"href":"https:\/\/linitiative.ca\/International\/wp-json\/wp\/v2\/posts"}],"about":[{"href":"https:\/\/linitiative.ca\/International\/wp-json\/wp\/v2\/types\/post"}],"author":[{"embeddable":true,"href":"https:\/\/linitiative.ca\/International\/wp-json\/wp\/v2\/users\/1965"}],"replies":[{"embeddable":true,"href":"https:\/\/linitiative.ca\/International\/wp-json\/wp\/v2\/comments?post=139834"}],"version-history":[{"count":0,"href":"https:\/\/linitiative.ca\/International\/wp-json\/wp\/v2\/posts\/139834\/revisions"}],"wp:attachment":[{"href":"https:\/\/linitiative.ca\/International\/wp-json\/wp\/v2\/media?parent=139834"}],"wp:term":[{"taxonomy":"category","embeddable":true,"href":"https:\/\/linitiative.ca\/International\/wp-json\/wp\/v2\/categories?post=139834"},{"taxonomy":"post_tag","embeddable":true,"href":"https:\/\/linitiative.ca\/International\/wp-json\/wp\/v2\/tags?post=139834"}],"curies":[{"name":"wp","href":"https:\/\/api.w.org\/{rel}","templated":true}]}}