{"id":139836,"date":"2022-01-30T13:47:33","date_gmt":"2022-01-30T18:47:33","guid":{"rendered":"https:\/\/linitiative.ca\/International\/can-cameroun-2021-la-caf-leve-la-suspension-du-stade-dolembe\/"},"modified":"2022-01-30T13:47:33","modified_gmt":"2022-01-30T18:47:33","slug":"can-cameroun-2021-la-caf-leve-la-suspension-du-stade-dolembe","status":"publish","type":"post","link":"https:\/\/linitiative.ca\/International\/can-cameroun-2021-la-caf-leve-la-suspension-du-stade-dolembe\/","title":{"rendered":"Can Cameroun 2021 : la Caf l\u00e8ve la suspension du stade d\u2019Olemb\u00e9"},"content":{"rendered":"<div>\n<p><img decoding=\"async\" width=\"800\" height=\"450\" src=\"https:\/\/linitiative.ca\/International\/wp-content\/uploads\/sites\/23\/2022\/01\/Stade-dOlembe-retablit-par-la-Caf.jpg\" class=\"attachment-post-thumbnail size-post-thumbnail wp-post-image\" alt=\"\" loading=\"lazy\" srcset=\"https:\/\/linitiative.ca\/International\/wp-content\/uploads\/sites\/23\/2022\/01\/Stade-dOlembe-retablit-par-la-Caf.jpg 800w, https:\/\/www.journalducameroun.com\/wp-content\/uploads\/2022\/01\/Stade-dOlembe-retablit-par-la-Caf-300x169.jpg 300w, https:\/\/www.journalducameroun.com\/wp-content\/uploads\/2022\/01\/Stade-dOlembe-retablit-par-la-Caf-768x432.jpg 768w, https:\/\/www.journalducameroun.com\/wp-content\/uploads\/2022\/01\/Stade-dOlembe-retablit-par-la-Caf-780x440.jpg 780w, https:\/\/www.journalducameroun.com\/wp-content\/uploads\/2022\/01\/Stade-dOlembe-retablit-par-la-Caf-380x215.jpg 380w, https:\/\/www.journalducameroun.com\/wp-content\/uploads\/2022\/01\/Stade-dOlembe-retablit-par-la-Caf-160x90.jpg 160w, https:\/\/www.journalducameroun.com\/wp-content\/uploads\/2022\/01\/Stade-dOlembe-retablit-par-la-Caf-240x135.jpg 240w, https:\/\/www.journalducameroun.com\/wp-content\/uploads\/2022\/01\/Stade-dOlembe-retablit-par-la-Caf-782x440.jpg 782w, https:\/\/www.journalducameroun.com\/wp-content\/uploads\/2022\/01\/Stade-dOlembe-retablit-par-la-Caf-600x338.jpg 600w\" sizes=\"auto, (max-width: 800px) 100vw, 800px\"><\/p>\n<h2 style=\"text-align: justify;\"><strong>Le stade d\u2019Olemb\u00e9 accueillera une demie et la finale, apr\u00e8s le drame. C\u2019est la substance d\u2019un communiqu\u00e9 de presse de la Conf\u00e9d\u00e9ration africaine de football (Caf) rendu public ce dimanche 30 janvier. <\/strong><\/h2>\n<p style=\"text-align: justify;\">Une <strong>demi-finale<\/strong> et la <strong>finale<\/strong> de la 33e \u00e9dition de la Coupe d\u2019Afrique des nations de football auront bien lieu au <strong>Stade d\u2019Olemb\u00e9<\/strong>, comme c\u2019\u00e9tait pr\u00e9vu avant le d\u00e9but de cette comp\u00e9tition. Ainsi en a d\u00e9cid\u00e9 la Caf, ce 30 janvier, malgr\u00e9 un mouvement de foule qui avait fait <strong>huit morts et 34 bless\u00e9s<\/strong>, le 24 janvier, en marge du huiti\u00e8me de finale Cameroun-Comores. Ainsi donc le <strong>Cameroun<\/strong> jouera sa demi-finale contre<strong> l\u2019Egypte<\/strong> au\u00a0 stade d&rsquo;Olemb\u00e9, le jeudi 3 f\u00e9vrier.<\/p>\n<p style=\"text-align: justify;\">En effet, le communiqu\u00e9 de la Caf annonce que le pr\u00e9sident de l\u2019instance faiti\u00e8re du football africain, le Dr <strong>Patrice Motsepe<\/strong>, a convoqu\u00e9 une r\u00e9union de la Commission d&rsquo;organisation de la Can pour plancher sur le rapport \u00e9tabli par le D\u00e9partement de la s\u00fbret\u00e9 et de la s\u00e9curit\u00e9 de la Caf en collaboration avec le Cocan, sur les circonstances de la trag\u00e9die survenue au stade d&rsquo;Olemb\u00e9.<\/p>\n<p style=\"text-align: justify;\">Le rapport a soulign\u00e9 les nombreuses r\u00e9unions et s\u00e9ances d&rsquo;inspection qui se sont tenues sur le site du <strong>drame<\/strong>, avec des officiers sup\u00e9rieurs repr\u00e9sentants<strong> la police, la gendarmerie, l&rsquo;arm\u00e9e,<\/strong> ainsi qu&rsquo;avec des ministres camerounais de haut rang, notamment de la d\u00e9fense et de la police, y compris le gouverneur de la r\u00e9gion du Centre qui abrite Yaound\u00e9, et d&rsquo;autres parties prenantes.<\/p>\n<p style=\"text-align: justify;\">Le rapport a analys\u00e9 les circonstances tragiques qui ont occasionn\u00e9 trente-huit bless\u00e9s et huit morts. Il a en outre soulign\u00e9 <strong>les recommandations et les interventions<\/strong> visant \u00e0 garantir qu&rsquo;une trag\u00e9die de cette nature ne se reproduise jamais.<\/p>\n<p style=\"text-align: justify;\">Ayant pris note des recommandations et des engagements du Gouvernement concernant des mesures de s\u00e9curit\u00e9 suppl\u00e9mentaires en plus de celles qui ont d\u00e9j\u00e0 \u00e9t\u00e9 mises en \u0153uvre avec succ\u00e8s au stade <strong>Ahmadou Ahidjo<\/strong> lors du match Maroc-Malawi et au stade Japoma lors du match Gambie-Cameroun, la Commission d&rsquo;organisation de la CAF a d\u00e9cid\u00e9 \u00e0 <strong>l&rsquo;unanimit\u00e9 de lever la suspension<\/strong> impos\u00e9e au stade d&rsquo;Olemb\u00e9 et d&rsquo;autoriser l&rsquo;une des demi-finales de la Can ainsi que le match de la finale \u00e0 se d\u00e9rouler au stade d&rsquo;Olemb\u00e9.<\/p>\n<p style=\"text-align: justify;\">En conclusion, la Caf, le Comit\u00e9 local d&rsquo;organisation et le gouvernement du Cameroun ayant consid\u00e9rablement renforc\u00e9 la s\u00e9curit\u00e9 et les moyens au Stade d&rsquo;Olemb\u00e9, sont convaincus que la s\u00fbret\u00e9 et la s\u00e9curit\u00e9 des spectateurs et visiteurs seront assur\u00e9s.<\/p>\n<p style=\"text-align: justify;\">\n<p>Cet article <a rel=\"nofollow\" href=\"https:\/\/www.journalducameroun.com\/can-cameroun-2021-la-caf-leve-la-suspension-du-stade-dolembe\/\">Can Cameroun 2021 : la Caf l\u00e8ve la suspension du stade d\u2019Olemb\u00e9<\/a> est apparu en premier sur <a rel=\"nofollow\" href=\"https:\/\/www.journalducameroun.com\/\">Journal du Cameroun<\/a>.<\/p>\n<\/div>\n<p>Auteur: Emile Zola Nd\u00e9 Tchoussi<br \/>\n<a href=\"https:\/\/www.journalducameroun.com\/can-cameroun-2021-la-caf-leve-la-suspension-du-stade-dolembe\/\">Cliquez ici pour lire l&rsquo;article depuis sa source.<\/a><\/p>\n","protected":false},"excerpt":{"rendered":"<p>Le stade d\u2019Olemb\u00e9 accueillera une demie et la finale, apr\u00e8s le drame. C\u2019est la substance d\u2019un communiqu\u00e9 de presse de la Conf\u00e9d\u00e9ration africaine de football (Caf) rendu public ce dimanche 30 janvier. Une demi-finale et la finale de la 33e \u00e9dition de la Coupe d\u2019Afrique des nations de football auront bien lieu au Stade d\u2019Olemb\u00e9, [&hellip;]<\/p>\n","protected":false},"author":1965,"featured_media":0,"comment_status":"closed","ping_status":"closed","sticky":false,"template":"","format":"standard","meta":{"fifu_image_url":"https:\/\/www.journalducameroun.com\/wp-content\/uploads\/2022\/01\/Stade-dOlembe-retablit-par-la-Caf.jpg","fifu_image_alt":"Can Cameroun 2021 : la Caf l\u00e8ve la suspension du stade d\u2019Olemb\u00e9","footnotes":""},"categories":[73,82],"tags":[],"class_list":["post-139836","post","type-post","status-publish","format-standard","hentry","category-actualite","category-cameroun"],"_links":{"self":[{"href":"https:\/\/linitiative.ca\/International\/wp-json\/wp\/v2\/posts\/139836","targetHints":{"allow":["GET"]}}],"collection":[{"href":"https:\/\/linitiative.ca\/International\/wp-json\/wp\/v2\/posts"}],"about":[{"href":"https:\/\/linitiative.ca\/International\/wp-json\/wp\/v2\/types\/post"}],"author":[{"embeddable":true,"href":"https:\/\/linitiative.ca\/International\/wp-json\/wp\/v2\/users\/1965"}],"replies":[{"embeddable":true,"href":"https:\/\/linitiative.ca\/International\/wp-json\/wp\/v2\/comments?post=139836"}],"version-history":[{"count":0,"href":"https:\/\/linitiative.ca\/International\/wp-json\/wp\/v2\/posts\/139836\/revisions"}],"wp:attachment":[{"href":"https:\/\/linitiative.ca\/International\/wp-json\/wp\/v2\/media?parent=139836"}],"wp:term":[{"taxonomy":"category","embeddable":true,"href":"https:\/\/linitiative.ca\/International\/wp-json\/wp\/v2\/categories?post=139836"},{"taxonomy":"post_tag","embeddable":true,"href":"https:\/\/linitiative.ca\/International\/wp-json\/wp\/v2\/tags?post=139836"}],"curies":[{"name":"wp","href":"https:\/\/api.w.org\/{rel}","templated":true}]}}