{"id":139842,"date":"2022-01-30T08:49:13","date_gmt":"2022-01-30T13:49:13","guid":{"rendered":"https:\/\/linitiative.ca\/International\/drame-dolembe-les-lions-soutiennent-les-victimes\/"},"modified":"2022-01-30T08:49:13","modified_gmt":"2022-01-30T13:49:13","slug":"drame-dolembe-les-lions-soutiennent-les-victimes","status":"publish","type":"post","link":"https:\/\/linitiative.ca\/International\/drame-dolembe-les-lions-soutiennent-les-victimes\/","title":{"rendered":"Drame d\u2019Olembe : les Lions soutiennent les victimes"},"content":{"rendered":"<div>\n<p>D\u2019apr\u00e8s une source dans la tani\u00e8re, il ne s\u2019agit pas de la prime officielle per\u00e7ue apr\u00e8s qualification pour les huiti\u00e8mes de finale qui \u00e9tait de 15 millions FCFA par joueur. C\u2019est 50 millions repr\u00e9sentent plut\u00f4t la prime vers\u00e9e par le Pr\u00e9sident de la Fecafoot, Samuel Eto\u2019o apr\u00e8s leur qualification pour les huiti\u00e8mes de finale.<\/p>\n<p><strong>Lire aussi : <a href=\"https:\/\/ecomatin.net\/can-2021-8-morts-et-34-blesses-dans-une-bousculade-au-stade-dolembe\/\">CAN 2021 : 8 morts et 34 bless\u00e9s dans une bousculade au Stade d\u2019Olemb\u00e9<\/a><\/strong><\/p>\n<p>A la suite de la bousculade, l\u2019h\u00f4pital central de Yaound\u00e9, l\u2019un des quatre centres hospitaliers o\u00f9 se sont rendues les victimes, a d\u00fb veiller de 19 heures \u00e0 6 heures du matin dans l\u2019attente des bless\u00e9s. S\u2019exprimant devant les m\u00e9dias, Pierre Joseph Fouda, le directeur de cet h\u00f4pital a expliqu\u00e9 : \u00ab Nous pensions que, vu les chiffres qu\u2019on annon\u00e7ait, il y aurait un flux massif de bless\u00e9s ici. Mais finalement, nous en avons re\u00e7u sept. Tous se portent mieux par rapport \u00e0 leur \u00e9tat quand ils sont arriv\u00e9s. Malheureusement aussi, nous avons re\u00e7u sept corps de personnes qui \u00e9taient d\u00e9c\u00e9d\u00e9es au stade. \u00bb<\/p>\n<p><strong>Lire aussi : <a href=\"https:\/\/ecomatin.net\/motsepe-suspend-olembe3\/\">Can 2021 : Motsepe suspend le stade d\u2019Olembe<\/a><\/strong><\/p>\n<p>\u00c0 la suite du patron de la CAF qui a rendu une visite aux sinistr\u00e9s dans lesdites formations hospitali\u00e8res, Samuel Eto\u2019o, le pr\u00e9sident de la F\u00e9d\u00e9ration camerounaise de football (Fecafoot) a promis que les \u00ab Lions indomptables \u00bb rendront un m\u00e9morable hommage aux victimes en remportant la 33e \u00e9dition de la Coupe d\u2019Afrique des nations en cours : \u00ab Permettez-moi tout d\u2019abord d\u2019adresser nos condol\u00e9ances les plus attrist\u00e9es aux familles qui ont perdu des fils, des fr\u00e8res, des s\u0153urs et un prompt r\u00e9tablissement aux bless\u00e9s. Certains ont pay\u00e9 le prix fort en donnant de leur vie juste en apportant leur soutien \u00e0 leur \u00e9quipe. Nous ne sommes pas rest\u00e9s insensibles \u00e0 cela. Et nous-m\u00eames, joueurs, staffs technique, savons que pour apporter un brin de r\u00e9confort, il faut qu\u2019on aille chercher cette victoire finale pour essayer en quelque sorte d\u2019honorer les m\u00e9moires de ceux, qui par amour pour l\u2019\u00e9quipe nationale, sont partis bien avant nous \u00bb.<\/p>\n<p><strong>Lire aussi : <a href=\"https:\/\/ecomatin.net\/olembe-definitivement-suspendu-par-la-caf\/\">Olembe d\u00e9finitivement suspendu par la CAF ?<\/a><\/strong><\/p>\n<p>Il y a quelques jours le ministre des Sports et de l\u2019Education Physique, president du COCAN a tenu une conf\u00e9rence de presse au cours de laquelle il a fait le point de la situation en annon\u00e7ant des mesures de renforcement de la s\u00e9curit\u00e9. Cel\u00e0 faisait suite \u00e0 la sortie de la CAF qui a exig\u00e9 que toute la lumi\u00e8re soit faite sur cette trag\u00e9die sous peine de suspension du stade d\u2019Olembe.<\/p>\n<p>L\u2019article <a rel=\"nofollow\" href=\"https:\/\/ecomatin.net\/drame-dolembe-les-lions-soutiennent-les-victimes\/\">Drame d\u2019Olembe : les Lions soutiennent les victimes<\/a> est apparu en premier sur <a rel=\"nofollow\" href=\"https:\/\/ecomatin.net\/\">EcoMatin<\/a>.<\/p>\n<\/div>\n<p>Auteur: EcoMatin<br \/>\n<a href=\"https:\/\/ecomatin.net\/drame-dolembe-les-lions-soutiennent-les-victimes\/\">Cliquez ici pour lire l&rsquo;article depuis sa source.<\/a><\/p>\n","protected":false},"excerpt":{"rendered":"<p>D\u2019apr\u00e8s une source dans la tani\u00e8re, il ne s\u2019agit pas de la prime officielle per\u00e7ue apr\u00e8s qualification pour les huiti\u00e8mes de finale qui \u00e9tait de 15 millions FCFA par joueur. C\u2019est 50 millions repr\u00e9sentent plut\u00f4t la prime vers\u00e9e par le Pr\u00e9sident de la Fecafoot, Samuel Eto\u2019o apr\u00e8s leur qualification pour les huiti\u00e8mes de finale. Lire [&hellip;]<\/p>\n","protected":false},"author":1969,"featured_media":0,"comment_status":"closed","ping_status":"closed","sticky":false,"template":"","format":"standard","meta":{"fifu_image_url":"","fifu_image_alt":"","footnotes":""},"categories":[82,78],"tags":[],"class_list":["post-139842","post","type-post","status-publish","format-standard","hentry","category-cameroun","category-economie"],"_links":{"self":[{"href":"https:\/\/linitiative.ca\/International\/wp-json\/wp\/v2\/posts\/139842","targetHints":{"allow":["GET"]}}],"collection":[{"href":"https:\/\/linitiative.ca\/International\/wp-json\/wp\/v2\/posts"}],"about":[{"href":"https:\/\/linitiative.ca\/International\/wp-json\/wp\/v2\/types\/post"}],"author":[{"embeddable":true,"href":"https:\/\/linitiative.ca\/International\/wp-json\/wp\/v2\/users\/1969"}],"replies":[{"embeddable":true,"href":"https:\/\/linitiative.ca\/International\/wp-json\/wp\/v2\/comments?post=139842"}],"version-history":[{"count":0,"href":"https:\/\/linitiative.ca\/International\/wp-json\/wp\/v2\/posts\/139842\/revisions"}],"wp:attachment":[{"href":"https:\/\/linitiative.ca\/International\/wp-json\/wp\/v2\/media?parent=139842"}],"wp:term":[{"taxonomy":"category","embeddable":true,"href":"https:\/\/linitiative.ca\/International\/wp-json\/wp\/v2\/categories?post=139842"},{"taxonomy":"post_tag","embeddable":true,"href":"https:\/\/linitiative.ca\/International\/wp-json\/wp\/v2\/tags?post=139842"}],"curies":[{"name":"wp","href":"https:\/\/api.w.org\/{rel}","templated":true}]}}