{"id":139843,"date":"2022-01-30T14:03:47","date_gmt":"2022-01-30T19:03:47","guid":{"rendered":"https:\/\/linitiative.ca\/International\/can-2021-olembe-repeche-pour-les-demi-finales\/"},"modified":"2022-01-30T14:03:47","modified_gmt":"2022-01-30T19:03:47","slug":"can-2021-olembe-repeche-pour-les-demi-finales","status":"publish","type":"post","link":"https:\/\/linitiative.ca\/International\/can-2021-olembe-repeche-pour-les-demi-finales\/","title":{"rendered":"CAN 2021 : Olembe rep\u00each\u00e9 pour les demi-finales"},"content":{"rendered":"<div>\n<p>Le Pr\u00e9sident de la CAF, le Dr Patrice Motsepe, a convoqu\u00e9 une r\u00e9union de la Commission d\u2019organisation de la CAN pour plancher sur le rapport \u00e9tabli par le D\u00e9partement de la s\u00fbret\u00e9 et de la s\u00e9curit\u00e9 de la CAF en collaboration avec le COCAN, sur les circonstances de la trag\u00e9die survenue au stade d\u2019Olemb\u00e9.<\/p>\n<p><strong>Lire aussi : <a href=\"https:\/\/ecomatin.net\/guinee-les-joueurs-du-syli-national-fuient-le-colonel-boumbouya\/\">Guin\u00e9e : les joueurs du Syli national fuient le colonel Boumbouya<\/a><\/strong><\/p>\n<p>Le rapport a soulign\u00e9 les nombreuses r\u00e9unions et s\u00e9ances d\u2019inspection qui se sont tenues sur le site du drame, avec des officiers sup\u00e9rieurs repr\u00e9sentants la police, la gendarmerie, l\u2019arm\u00e9e, ainsi qu\u2019avec des ministres camerounais de haut rang, notamment de la d\u00e9fense et de la police, y compris le gouverneur de la r\u00e9gion du Centre qui abrite Yaound\u00e9, et d\u2019autres parties prenantes.<\/p>\n<p>Le rapport a analys\u00e9 les circonstances tragiques qui ont occasionn\u00e9 trente-huit bless\u00e9s et huit morts. Il a en outre soulign\u00e9 les recommandations et les interventions visant \u00e0 garantir qu\u2019une trag\u00e9die de cette nature ne se reproduise jamais.<\/p>\n<p><strong>Lire aussi : <a href=\"https:\/\/ecomatin.net\/drame-dolembe-les-lions-soutiennent-les-victimes\/\">Drame d\u2019Olembe : les Lions soutiennent les victimes<\/a><\/strong><\/p>\n<p>Ayant pris note des recommandations et des engagements du Gouvernement concernant des mesures de s\u00e9curit\u00e9 suppl\u00e9mentaires en plus de celles qui ont d\u00e9j\u00e0 \u00e9t\u00e9 mises en \u0153uvre avec succ\u00e8s au stade Ahmadou Ahidjo lors du match Maroc-Malawi et au stade Japoma lors du match Gambie-Cameroun, la Commission d\u2019organisation de la CAF a d\u00e9cid\u00e9 \u00e0 l\u2019unanimit\u00e9 de lever la suspension impos\u00e9e au stade d\u2019Olemb\u00e9 et d\u2019autoriser l\u2019une des demi-finales de la Coupe des Nations AFCON Total Energies ainsi que le match de la Finale \u00e0 se d\u00e9rouler au stade d\u2019Olemb\u00e9.<\/p>\n<p><strong>Lire aussi : <a href=\"https:\/\/ecomatin.net\/can-2021-des-lions-au-diesel-dominent-t-la-gambie-et-filent-en-demi-finale\/\">CAN 2021 : des lions au diesel dominent la Gambie et filent en demi-finale<\/a><\/strong><\/p>\n<p>En conclusion, la CAF, le Comit\u00e9 Local d\u2019Organisation et le Gouvernement du Cameroun ayant consid\u00e9rablement renforc\u00e9 la s\u00e9curit\u00e9 et les moyens au Stade d\u2019Olemb\u00e9, sont convaincus que la s\u00fbret\u00e9 et la s\u00e9curit\u00e9 des spectateurs et visiteurs seront assur\u00e9es.<\/p>\n<p>L\u2019article <a rel=\"nofollow\" href=\"https:\/\/ecomatin.net\/can-2021-olembe-repeche-pour-les-demi-finales\/\">CAN 2021 : Olembe rep\u00each\u00e9 pour les demi-finales<\/a> est apparu en premier sur <a rel=\"nofollow\" href=\"https:\/\/ecomatin.net\/\">EcoMatin<\/a>.<\/p>\n<\/div>\n<p>Auteur: EcoMatin<br \/>\n<a href=\"https:\/\/ecomatin.net\/can-2021-olembe-repeche-pour-les-demi-finales\/\">Cliquez ici pour lire l&rsquo;article depuis sa source.<\/a><\/p>\n","protected":false},"excerpt":{"rendered":"<p>Le Pr\u00e9sident de la CAF, le Dr Patrice Motsepe, a convoqu\u00e9 une r\u00e9union de la Commission d\u2019organisation de la CAN pour plancher sur le rapport \u00e9tabli par le D\u00e9partement de la s\u00fbret\u00e9 et de la s\u00e9curit\u00e9 de la CAF en collaboration avec le COCAN, sur les circonstances de la trag\u00e9die survenue au stade d\u2019Olemb\u00e9. Lire [&hellip;]<\/p>\n","protected":false},"author":1969,"featured_media":0,"comment_status":"closed","ping_status":"closed","sticky":false,"template":"","format":"standard","meta":{"fifu_image_url":"","fifu_image_alt":"","footnotes":""},"categories":[82,78],"tags":[],"class_list":["post-139843","post","type-post","status-publish","format-standard","hentry","category-cameroun","category-economie"],"_links":{"self":[{"href":"https:\/\/linitiative.ca\/International\/wp-json\/wp\/v2\/posts\/139843","targetHints":{"allow":["GET"]}}],"collection":[{"href":"https:\/\/linitiative.ca\/International\/wp-json\/wp\/v2\/posts"}],"about":[{"href":"https:\/\/linitiative.ca\/International\/wp-json\/wp\/v2\/types\/post"}],"author":[{"embeddable":true,"href":"https:\/\/linitiative.ca\/International\/wp-json\/wp\/v2\/users\/1969"}],"replies":[{"embeddable":true,"href":"https:\/\/linitiative.ca\/International\/wp-json\/wp\/v2\/comments?post=139843"}],"version-history":[{"count":0,"href":"https:\/\/linitiative.ca\/International\/wp-json\/wp\/v2\/posts\/139843\/revisions"}],"wp:attachment":[{"href":"https:\/\/linitiative.ca\/International\/wp-json\/wp\/v2\/media?parent=139843"}],"wp:term":[{"taxonomy":"category","embeddable":true,"href":"https:\/\/linitiative.ca\/International\/wp-json\/wp\/v2\/categories?post=139843"},{"taxonomy":"post_tag","embeddable":true,"href":"https:\/\/linitiative.ca\/International\/wp-json\/wp\/v2\/tags?post=139843"}],"curies":[{"name":"wp","href":"https:\/\/api.w.org\/{rel}","templated":true}]}}