{"id":139845,"date":"2022-01-31T08:30:11","date_gmt":"2022-01-31T13:30:11","guid":{"rendered":"https:\/\/linitiative.ca\/International\/youssef-ait-mansour-presente-son-nouveau-documentaire-al-malwah\/"},"modified":"2022-01-31T08:30:11","modified_gmt":"2022-01-31T13:30:11","slug":"youssef-ait-mansour-presente-son-nouveau-documentaire-al-malwah","status":"publish","type":"post","link":"https:\/\/linitiative.ca\/International\/youssef-ait-mansour-presente-son-nouveau-documentaire-al-malwah\/","title":{"rendered":"Youssef Ait Mansour pr\u00e9sente son nouveau documentaire \u00abAl Malwah\u00bb"},"content":{"rendered":"<div>\n<p><img loading=\"lazy\" decoding=\"async\" width=\"300\" height=\"153\" src=\"https:\/\/linitiative.ca\/International\/wp-content\/uploads\/sites\/23\/2022\/01\/Youssef-Ait-Mansour-presente-son-nouveau-documentaire-Al-Malwah-300x153-1.jpg\" class=\"attachment-medium size-medium wp-post-image\" alt=\"\" srcset=\"https:\/\/linitiative.ca\/International\/wp-content\/uploads\/sites\/23\/2022\/01\/Youssef-Ait-Mansour-presente-son-nouveau-documentaire-Al-Malwah-300x153-1.jpg 300w, https:\/\/aujourdhui.ma\/wp-content\/uploads\/2022\/01\/Youssef-Ait-Mansour-presente-son-nouveau-documentaire-Al-Malwah-274x140.jpg 274w, https:\/\/aujourdhui.ma\/wp-content\/uploads\/2022\/01\/Youssef-Ait-Mansour-presente-son-nouveau-documentaire-Al-Malwah.jpg 746w, https:\/\/aujourdhui.ma\/wp-content\/uploads\/2022\/01\/Youssef-Ait-Mansour-presente-son-nouveau-documentaire-Al-Malwah-165x84.jpg 165w, https:\/\/aujourdhui.ma\/wp-content\/uploads\/2022\/01\/Youssef-Ait-Mansour-presente-son-nouveau-documentaire-Al-Malwah-702x358.jpg 702w\" sizes=\"auto, (max-width: 300px) 100vw, 300px\"><\/p>\n<p><span style=\"color: #800000;\"><strong>En avant-premi\u00e8re \u00e0 l\u2019IF de Marrakech<\/strong><\/span><span id=\"more-398634\"><\/span><\/p>\n<p>Le r\u00e9alisateur marocain Youssef Ait Mansour vient de pr\u00e9senter en avant-premi\u00e8re \u00e0 l\u2019Institut fran\u00e7ais de Marrakech son nouveau documentaire intitul\u00e9 \u00abAl Malwah\u00bb. \u00abCe docu-fiction raconte l\u2019histoire d\u2019un campement d\u2019activit\u00e9 \u00e9conomique autour de la mer. Il parle de la vie des hommes p\u00eacheurs et des femmes qui font le ramassage, s\u00e9chage et vente des algues. Mon point de vue, dans ce film, exprime une pens\u00e9e aux \u00e9l\u00e8ves du lyc\u00e9e qui prennent le minibus \u00e0 Tarfaya pour \u00e9tudier toute la semaine avant de revenir chez leurs parents pendant le week-end. Je prends le minibus avec eux et j\u2019int\u00e8gre \u00e0 la fois leur campement pour vivre leurs histoires personnelles et humaines avec leur complexit\u00e9 pour conna\u00eetre leur entourage, leurs parents et leur activit\u00e9 socio-\u00e9conomique dans le campement\u00bb, pr\u00e9cise le cin\u00e9aste qui rappelle que son \u0153uvre a b\u00e9n\u00e9fici\u00e9 de la subvention du Centre cin\u00e9matographique marocain (CCM).<\/p>\n<p>Quant \u00e0 l\u2019appellation \u00abAl Malwah\u00bb en hassani et emprunt\u00e9e \u00e0 la langue arabe, elle fait, d\u2019apr\u00e8s lui, allusion \u00e0 \u00abun endroit o\u00f9 travaillent ces p\u00eacheurs\u00bb. Cet endroit, portant l\u2019intitul\u00e9 du film et r\u00e9serv\u00e9 \u00e0 la collecte d\u2019algues, se situe, tel qu\u2019il l\u2019explicite, dans le village d\u2019Amgriou se situant \u00e0 40 km de Tarfaya et 60 km de La\u00e2youne. C\u2019est dans ce village que se d\u00e9roulent les faits de l\u2019intrigue qui s\u2019\u00e9tale sur une 1h42 min pour raconter, selon le cin\u00e9aste, \u00ables ambitions et les petites histoires de chaque \u00e9l\u00e8ve au coll\u00e8ge et au lyc\u00e9e qui passe \u00e9galement son week-end \u00e0 aider ses parents en cette collecte\u00bb. \u00abC\u2019est \u00e0 travers les enfants que nous avons appris sur leur m\u00e9thode de travail ainsi que celui des parents dont nous avons \u00e9galement connu le mode de vie\u00bb, d\u00e9taille-t-il en estimant que ces enfants n\u2019ont pas le m\u00eame v\u00e9cu que d\u2019autres dans le milieu urbain.<br \/>\nAvant de tourner avec ces jeunes, le r\u00e9alisateur a, tel qu\u2019il l\u2019indique, organis\u00e9 \u00abdes ateliers artistiques\u00bb pour leur apprendre des concepts cin\u00e9matographiques tels que la cam\u00e9ra, l\u2019image et le son. \u00abDans cet atelier, ils m\u2019ont \u00e9galement parl\u00e9 de leurs parents. C\u2019est ainsi que l\u2019id\u00e9e du film a pris forme\u00bb, ajoute-t-il.<br \/>\nApr\u00e8s cette avant-premi\u00e8re, M. Ait Mansour a d\u00e9j\u00e0 re\u00e7u, tel qu\u2019il le r\u00e9v\u00e8le, une offre de projection qui n\u2019est, cependant, \u00abpas encore confirm\u00e9e\u00bb.<br \/>\nOutre ce documentaire, il est pr\u00e9vu que l\u2019artiste, \u00e9galement acteur et metteur en sc\u00e8ne, tourne une pi\u00e8ce de th\u00e9\u00e2tre pour la t\u00e9l\u00e9vision dans le cadre de l\u2019initiative \u00abLe th\u00e9\u00e2tre s\u2019anime\u00bb. \u00abJ\u2019ai \u00e9galement un film dont je contribue au sc\u00e9nario et \u00e0 l\u2019\u00e9criture dramatique. Pour l\u2019heure, il est d\u00e9j\u00e0 sorti dans les salles. Aussi, j\u2019ai le sc\u00e9nario d\u2019un long-m\u00e9trage que j\u2019ai soumis pour la subvention cin\u00e9matographique que j\u2019esp\u00e8re obtenir\u00bb, annonce-t-il.<br \/>\nPour rappel, le cin\u00e9aste, qui a r\u00e9alis\u00e9 d\u2019autres \u0153uvres et mis en sc\u00e8ne des pi\u00e8ces de th\u00e9\u00e2tre, a tourn\u00e9 un autre documentaire appel\u00e9 \u00abAch Men Bab ndek ?!\u00bb (A quelle porte frapper ?!). Il s\u2019est affich\u00e9 dans plusieurs productions et a \u00e9crit voire contribu\u00e9 \u00e0 l\u2019\u00e9criture d\u2019un certain nombre de sc\u00e9narios.<\/p>\n<p>\u00a0<\/p>\n<\/div>\n<p>Auteur: Salima Guisser<br \/>\n<a href=\"https:\/\/aujourdhui.ma\/culture\/youssef-ait-mansour-presente-son-nouveau-documentaire-al-malwah\">Cliquez ici pour lire l&rsquo;article depuis sa source.<\/a><\/p>\n","protected":false},"excerpt":{"rendered":"<p>En avant-premi\u00e8re \u00e0 l\u2019IF de Marrakech Le r\u00e9alisateur marocain Youssef Ait Mansour vient de pr\u00e9senter en avant-premi\u00e8re \u00e0 l\u2019Institut fran\u00e7ais de Marrakech son nouveau documentaire intitul\u00e9 \u00abAl Malwah\u00bb. \u00abCe docu-fiction raconte l\u2019histoire d\u2019un campement d\u2019activit\u00e9 \u00e9conomique autour de la mer. Il parle de la vie des hommes p\u00eacheurs et des femmes qui font le ramassage, [&hellip;]<\/p>\n","protected":false},"author":1759,"featured_media":0,"comment_status":"closed","ping_status":"closed","sticky":false,"template":"","format":"standard","meta":{"fifu_image_url":"https:\/\/aujourdhui.ma\/wp-content\/uploads\/2022\/01\/Youssef-Ait-Mansour-presente-son-nouveau-documentaire-Al-Malwah-300x153.jpg","fifu_image_alt":"Youssef Ait Mansour pr\u00e9sente son nouveau documentaire \u00abAl Malwah\u00bb","footnotes":""},"categories":[73,54],"tags":[],"class_list":["post-139845","post","type-post","status-publish","format-standard","hentry","category-actualite","category-maroc"],"_links":{"self":[{"href":"https:\/\/linitiative.ca\/International\/wp-json\/wp\/v2\/posts\/139845","targetHints":{"allow":["GET"]}}],"collection":[{"href":"https:\/\/linitiative.ca\/International\/wp-json\/wp\/v2\/posts"}],"about":[{"href":"https:\/\/linitiative.ca\/International\/wp-json\/wp\/v2\/types\/post"}],"author":[{"embeddable":true,"href":"https:\/\/linitiative.ca\/International\/wp-json\/wp\/v2\/users\/1759"}],"replies":[{"embeddable":true,"href":"https:\/\/linitiative.ca\/International\/wp-json\/wp\/v2\/comments?post=139845"}],"version-history":[{"count":0,"href":"https:\/\/linitiative.ca\/International\/wp-json\/wp\/v2\/posts\/139845\/revisions"}],"wp:attachment":[{"href":"https:\/\/linitiative.ca\/International\/wp-json\/wp\/v2\/media?parent=139845"}],"wp:term":[{"taxonomy":"category","embeddable":true,"href":"https:\/\/linitiative.ca\/International\/wp-json\/wp\/v2\/categories?post=139845"},{"taxonomy":"post_tag","embeddable":true,"href":"https:\/\/linitiative.ca\/International\/wp-json\/wp\/v2\/tags?post=139845"}],"curies":[{"name":"wp","href":"https:\/\/api.w.org\/{rel}","templated":true}]}}