{"id":139849,"date":"2022-01-31T09:14:44","date_gmt":"2022-01-31T14:14:44","guid":{"rendered":"https:\/\/linitiative.ca\/International\/apres-une-reunion-entre-le-chef-du-gouvernement-et-les-leaders-des-partis-politiques-lexecutif-mobilise-autour-de-la-troisieme-dose\/"},"modified":"2022-01-31T09:14:44","modified_gmt":"2022-01-31T14:14:44","slug":"apres-une-reunion-entre-le-chef-du-gouvernement-et-les-leaders-des-partis-politiques-lexecutif-mobilise-autour-de-la-troisieme-dose","status":"publish","type":"post","link":"https:\/\/linitiative.ca\/International\/apres-une-reunion-entre-le-chef-du-gouvernement-et-les-leaders-des-partis-politiques-lexecutif-mobilise-autour-de-la-troisieme-dose\/","title":{"rendered":"Apr\u00e8s une r\u00e9union entre le chef du gouvernement et les leaders des partis politiques, l\u2019Ex\u00e9cutif mobilise autour de la troisi\u00e8me dose"},"content":{"rendered":"<div>\n<p><img loading=\"lazy\" decoding=\"async\" width=\"300\" height=\"153\" src=\"https:\/\/linitiative.ca\/International\/wp-content\/uploads\/sites\/23\/2022\/01\/gouvernement-Maroc-300x153-1.jpg\" class=\"attachment-medium size-medium wp-post-image\" alt=\"\" srcset=\"https:\/\/linitiative.ca\/International\/wp-content\/uploads\/sites\/23\/2022\/01\/gouvernement-Maroc-300x153-1.jpg 300w, https:\/\/aujourdhui.ma\/wp-content\/uploads\/2022\/01\/gouvernement-Maroc-274x140.jpg 274w, https:\/\/aujourdhui.ma\/wp-content\/uploads\/2022\/01\/gouvernement-Maroc.jpg 746w, https:\/\/aujourdhui.ma\/wp-content\/uploads\/2022\/01\/gouvernement-Maroc-165x84.jpg 165w, https:\/\/aujourdhui.ma\/wp-content\/uploads\/2022\/01\/gouvernement-Maroc-702x358.jpg 702w\" sizes=\"auto, (max-width: 300px) 100vw, 300px\"><\/p>\n<p><strong>Le Chef du gouvernement, Aziz Akhannouch, a tenu lundi \u00e0 Rabat, une r\u00e9union avec les chefs des partis politiques repr\u00e9sent\u00e9s au Parlement, pour discuter de la situation \u00e9pid\u00e9miologique dans le Royaume, et de certains d\u00e9veloppements s\u2019y rapportant, notamment la n\u00e9cessit\u00e9 d\u2019acc\u00e9l\u00e9rer le rythme du processus de vaccination pour atteindre l\u2019immunit\u00e9 collective.<\/strong><span id=\"more-398676\"><\/span><\/p>\n<p>Lors de cette r\u00e9union \u00e0 laquelle ont pris part le ministre de l\u2019Int\u00e9rieur, Abdelouafi Laftit, et le ministre de la Sant\u00e9 et de la Protection sociale, Khalid A\u00eft Taleb, les diff\u00e9rents chefs des formations politiques ont salu\u00e9 la r\u00e9cente d\u00e9cision du gouvernement de rouvrir les fronti\u00e8res aux vols au d\u00e9part et \u00e0 destination du Royaume, \u00e0 compter du 7 f\u00e9vrier, suites aux recommandations de la commission scientifique et technique, en prenant compte de l\u2019\u00e9volution de la situation \u00e9pid\u00e9miologique au Maroc et dans le monde, indique un communiqu\u00e9 du d\u00e9partement du Chef de gouvernement.<\/p>\n<p>Ils ont exprim\u00e9 leur consid\u00e9ration quant aux contraintes et raisons ayant motiv\u00e9 les autorit\u00e9s publique \u00e0 fermer les fronti\u00e8res en vue d\u2019immuniser le Royaume et la sant\u00e9 des citoyens, malgr\u00e9 la prise de conscience du co\u00fbt de la d\u00e9cision de fermeture sur les plans \u00e9conomiques, social et psychologique.<\/p>\n<p>Pour consolider les acquis, les participants ont \u00e9t\u00e9 unanimes \u00e0 souligner que la d\u00e9cision de r\u00e9ouverture de l\u2019espace a\u00e9rien ne peut \u00eatre efficace qu\u2019\u00e0 travers le strict respect de toutes les mesures pr\u00e9ventives et l\u2019observation de l\u2019ensemble des directives \u00e9manant des autorit\u00e9s publique en vue de lutter contre la propagation des nouveaux variants de la covid-19.<\/p>\n<p>Pour assurer l\u2019ad\u00e9quation des mesures et dispositions prises avec l\u2019\u00e9volution de la situation \u00e9pid\u00e9miologique dans le Royaume, ils se sont accord\u00e9s sur la n\u00e9cessit\u00e9 pour le gouvernement et les diff\u00e9rents partis politiques de continuer \u00e0 jouer leurs r\u00f4les d\u2019encadrement pour la sensibilisation des citoyens \u00e0 l\u2019importance de la participation massive \u00e0 la campagne de vaccination pour les groupes non encore vaccin\u00e9s en vue d\u2019acc\u00e9l\u00e9rer le rythme de la Campagne nationale de vaccination contre le nouveau coronavirus, tout en renfor\u00e7ant l\u2019immunisation avec la troisi\u00e8me dose de rappel, pour \u00e9viter d\u2019\u00e9ventuelles complications en cas d\u2019infection, la vaccination \u00e9tant la seule solution pour atteindre l\u2019immunit\u00e9 collective.<\/p>\n<p>\u00ab\u00a0Cette d\u00e9cision audacieuse d\u2019ouvrir les fronti\u00e8res n\u00e9cessite des efforts intensifs de la part de touts les citoyennes et citoyens pour compl\u00e9ter le sch\u00e9ma vaccinal avec la troisi\u00e8me dose de rappel afin de renforcer l\u2019immunit\u00e9 collective de notre soci\u00e9t\u00e9 afin de retrouver une vie normale et naturelle\u00a0\u00bb, poursuit le communiqu\u00e9.<\/p>\n<p>Selon la m\u00eame source, cette rencontre \u00e9tait aussi l\u2019occasion de saluer le lancement par Sa Majest\u00e9 le Roi Mohammed VI, jeudi dernier, des travaux de r\u00e9alisation d\u2019une usine de fabrication de vaccins anti Covid-19 et autres vaccins, un projet structurant qui, \u00e0 terme, contribuera \u00e0 assurer la souverainet\u00e9 vaccinale du Royaume et du continent africain dans son ensemble et fera du Maroc un p\u00f4le biotechnologique mondial, capable de subvenir aux besoins sanitaires du continent \u00e0 court et long termes.<\/p>\n<p>Cette r\u00e9union a \u00e9galement \u00e9t\u00e9 l\u2019occasion d\u2019examiner l\u2019importance et la sensibilit\u00e9 des mesures \u00e0 prendre par le gouvernement sur les plans \u00e9conomique et social.<\/p>\n<p>La r\u00e9union a \u00e9t\u00e9 marqu\u00e9e par la pr\u00e9sence de MM. Mohamed Aujjar (RNI), Abdellatif Ouahbi, Secr\u00e9taire g\u00e9n\u00e9ral du PAM, Nizar Baraka, Secr\u00e9taire g\u00e9n\u00e9ral du PI, Driss Lachgar, Premier secr\u00e9taire de l\u2019USFP, M\u2019hand Laenser, Secr\u00e9taire g\u00e9n\u00e9ral du MP, qui \u00e9tait accompagn\u00e9 de Mohamed Ouzzine, Mohamed Nabil Benabdallah, Secr\u00e9taire g\u00e9n\u00e9ral du PPS, Mohamed Sajid, Secr\u00e9taire g\u00e9n\u00e9ral de l\u2019UC, Jamaa Al Mouatassim du PJD, Abdessamad Archane, Secr\u00e9taire g\u00e9n\u00e9ral du MDS, Mostafa Benali, pr\u00e9sident du FFD, Ahmed Sbai du PSU, et Tahar Mohouch du CNI.<\/p>\n<\/div>\n<p>Auteur: ALM<br \/>\n<a href=\"https:\/\/aujourdhui.ma\/actualite\/apres-une-reunion-entre-le-chef-du-gouvernement-et-les-leaders-des-partis-politiques-lexecutif-mobilise-autour-de-la-troisieme-dose\">Cliquez ici pour lire l&rsquo;article depuis sa source.<\/a><\/p>\n","protected":false},"excerpt":{"rendered":"<p>Le Chef du gouvernement, Aziz Akhannouch, a tenu lundi \u00e0 Rabat, une r\u00e9union avec les chefs des partis politiques repr\u00e9sent\u00e9s au Parlement, pour discuter de la situation \u00e9pid\u00e9miologique dans le Royaume, et de certains d\u00e9veloppements s\u2019y rapportant, notamment la n\u00e9cessit\u00e9 d\u2019acc\u00e9l\u00e9rer le rythme du processus de vaccination pour atteindre l\u2019immunit\u00e9 collective. Lors de cette r\u00e9union [&hellip;]<\/p>\n","protected":false},"author":1759,"featured_media":0,"comment_status":"closed","ping_status":"closed","sticky":false,"template":"","format":"standard","meta":{"fifu_image_url":"https:\/\/aujourdhui.ma\/wp-content\/uploads\/2022\/01\/gouvernement-Maroc-300x153.jpg","fifu_image_alt":"Apr\u00e8s une r\u00e9union entre le chef du gouvernement et les leaders des partis politiques, l\u2019Ex\u00e9cutif mobilise autour de la troisi\u00e8me dose","footnotes":""},"categories":[73,54],"tags":[],"class_list":["post-139849","post","type-post","status-publish","format-standard","hentry","category-actualite","category-maroc"],"_links":{"self":[{"href":"https:\/\/linitiative.ca\/International\/wp-json\/wp\/v2\/posts\/139849","targetHints":{"allow":["GET"]}}],"collection":[{"href":"https:\/\/linitiative.ca\/International\/wp-json\/wp\/v2\/posts"}],"about":[{"href":"https:\/\/linitiative.ca\/International\/wp-json\/wp\/v2\/types\/post"}],"author":[{"embeddable":true,"href":"https:\/\/linitiative.ca\/International\/wp-json\/wp\/v2\/users\/1759"}],"replies":[{"embeddable":true,"href":"https:\/\/linitiative.ca\/International\/wp-json\/wp\/v2\/comments?post=139849"}],"version-history":[{"count":0,"href":"https:\/\/linitiative.ca\/International\/wp-json\/wp\/v2\/posts\/139849\/revisions"}],"wp:attachment":[{"href":"https:\/\/linitiative.ca\/International\/wp-json\/wp\/v2\/media?parent=139849"}],"wp:term":[{"taxonomy":"category","embeddable":true,"href":"https:\/\/linitiative.ca\/International\/wp-json\/wp\/v2\/categories?post=139849"},{"taxonomy":"post_tag","embeddable":true,"href":"https:\/\/linitiative.ca\/International\/wp-json\/wp\/v2\/tags?post=139849"}],"curies":[{"name":"wp","href":"https:\/\/api.w.org\/{rel}","templated":true}]}}