{"id":139853,"date":"2022-01-31T10:58:10","date_gmt":"2022-01-31T15:58:10","guid":{"rendered":"https:\/\/linitiative.ca\/International\/la-situation-epidemiologique-au-31-janvier-2022-a-16h00\/"},"modified":"2022-01-31T10:58:10","modified_gmt":"2022-01-31T15:58:10","slug":"la-situation-epidemiologique-au-31-janvier-2022-a-16h00","status":"publish","type":"post","link":"https:\/\/linitiative.ca\/International\/la-situation-epidemiologique-au-31-janvier-2022-a-16h00\/","title":{"rendered":"La situation \u00e9pid\u00e9miologique au 31 janvier 2022 \u00e0 16H00"},"content":{"rendered":"<div>\n<p><img loading=\"lazy\" decoding=\"async\" width=\"300\" height=\"153\" src=\"https:\/\/linitiative.ca\/International\/wp-content\/uploads\/sites\/23\/2022\/01\/covid-19-maroc-300x153-5.jpg\" class=\"attachment-medium size-medium wp-post-image\" alt=\"\" srcset=\"https:\/\/linitiative.ca\/International\/wp-content\/uploads\/sites\/23\/2022\/01\/covid-19-maroc-300x153-5.jpg 300w, https:\/\/aujourdhui.ma\/wp-content\/uploads\/2020\/07\/covid-19-maroc-274x140.jpg 274w, https:\/\/aujourdhui.ma\/wp-content\/uploads\/2020\/07\/covid-19-maroc.jpg 746w, https:\/\/aujourdhui.ma\/wp-content\/uploads\/2020\/07\/covid-19-maroc-165x84.jpg 165w, https:\/\/aujourdhui.ma\/wp-content\/uploads\/2020\/07\/covid-19-maroc-702x358.jpg 702w\" sizes=\"auto, (max-width: 300px) 100vw, 300px\"><\/p>\n<p>1.321 nouveaux cas soit un cumul de 1.132.716 cas \u00e0 ce jour.<br \/>\n7.048 gu\u00e9risons soit un cumul de 1.076.471 \u00e0 ce jour.<br \/>\n38 nouveaux d\u00e9c\u00e8s donc un cumul de 15.400 \u00e0 ce jour.<\/p>\n<p><strong>Nombre de personnes vaccin\u00e9es au 31 Janvier 16H00<\/strong><\/p>\n<p>1\u00e8re dose :<strong> 24 658 729<\/strong><\/p>\n<p>2\u00e8me dose :<strong> 23 079 723<\/strong><\/p>\n<p>3\u00e8me dose :<strong> 4 441 797<\/strong><\/p>\n<p><a href=\"https:\/\/linitiative.ca\/International\/wp-content\/uploads\/sites\/23\/2022\/01\/31_01_2022.COVID_.MAROC_Page_1.jpg\"><img loading=\"lazy\" decoding=\"async\" class=\"alignnone size-full wp-image-398682\" src=\"https:\/\/linitiative.ca\/International\/wp-content\/uploads\/sites\/23\/2022\/01\/31_01_2022.COVID_.MAROC_Page_1.jpg\" alt=\"\" width=\"1654\" height=\"2339\" srcset=\"https:\/\/linitiative.ca\/International\/wp-content\/uploads\/sites\/23\/2022\/01\/31_01_2022.COVID_.MAROC_Page_1.jpg 1654w, https:\/\/aujourdhui.ma\/wp-content\/uploads\/2022\/01\/31_01_2022.COVID_.MAROC_Page_1-212x300.jpg 212w, https:\/\/aujourdhui.ma\/wp-content\/uploads\/2022\/01\/31_01_2022.COVID_.MAROC_Page_1-724x1024.jpg 724w, https:\/\/aujourdhui.ma\/wp-content\/uploads\/2022\/01\/31_01_2022.COVID_.MAROC_Page_1-768x1086.jpg 768w, https:\/\/aujourdhui.ma\/wp-content\/uploads\/2022\/01\/31_01_2022.COVID_.MAROC_Page_1-1086x1536.jpg 1086w, https:\/\/aujourdhui.ma\/wp-content\/uploads\/2022\/01\/31_01_2022.COVID_.MAROC_Page_1-1448x2048.jpg 1448w\" sizes=\"auto, (max-width: 1654px) 100vw, 1654px\"><\/a> <a href=\"https:\/\/linitiative.ca\/International\/wp-content\/uploads\/sites\/23\/2022\/01\/31_01_2022.COVID_.MAROC_Page_2.jpg\"><img loading=\"lazy\" decoding=\"async\" class=\"alignnone size-full wp-image-398683\" src=\"https:\/\/linitiative.ca\/International\/wp-content\/uploads\/sites\/23\/2022\/01\/31_01_2022.COVID_.MAROC_Page_2.jpg\" alt=\"\" width=\"1654\" height=\"2339\" srcset=\"https:\/\/linitiative.ca\/International\/wp-content\/uploads\/sites\/23\/2022\/01\/31_01_2022.COVID_.MAROC_Page_2.jpg 1654w, https:\/\/aujourdhui.ma\/wp-content\/uploads\/2022\/01\/31_01_2022.COVID_.MAROC_Page_2-212x300.jpg 212w, https:\/\/aujourdhui.ma\/wp-content\/uploads\/2022\/01\/31_01_2022.COVID_.MAROC_Page_2-724x1024.jpg 724w, https:\/\/aujourdhui.ma\/wp-content\/uploads\/2022\/01\/31_01_2022.COVID_.MAROC_Page_2-768x1086.jpg 768w, https:\/\/aujourdhui.ma\/wp-content\/uploads\/2022\/01\/31_01_2022.COVID_.MAROC_Page_2-1086x1536.jpg 1086w, https:\/\/aujourdhui.ma\/wp-content\/uploads\/2022\/01\/31_01_2022.COVID_.MAROC_Page_2-1448x2048.jpg 1448w\" sizes=\"auto, (max-width: 1654px) 100vw, 1654px\"><\/a> <a href=\"https:\/\/linitiative.ca\/International\/wp-content\/uploads\/sites\/23\/2022\/01\/31_01_2022.COVID_.MAROC_Page_3.jpg\"><img loading=\"lazy\" decoding=\"async\" class=\"alignnone size-full wp-image-398684\" src=\"https:\/\/linitiative.ca\/International\/wp-content\/uploads\/sites\/23\/2022\/01\/31_01_2022.COVID_.MAROC_Page_3.jpg\" alt=\"\" width=\"1654\" height=\"2339\" srcset=\"https:\/\/linitiative.ca\/International\/wp-content\/uploads\/sites\/23\/2022\/01\/31_01_2022.COVID_.MAROC_Page_3.jpg 1654w, https:\/\/aujourdhui.ma\/wp-content\/uploads\/2022\/01\/31_01_2022.COVID_.MAROC_Page_3-212x300.jpg 212w, https:\/\/aujourdhui.ma\/wp-content\/uploads\/2022\/01\/31_01_2022.COVID_.MAROC_Page_3-724x1024.jpg 724w, https:\/\/aujourdhui.ma\/wp-content\/uploads\/2022\/01\/31_01_2022.COVID_.MAROC_Page_3-768x1086.jpg 768w, https:\/\/aujourdhui.ma\/wp-content\/uploads\/2022\/01\/31_01_2022.COVID_.MAROC_Page_3-1086x1536.jpg 1086w, https:\/\/aujourdhui.ma\/wp-content\/uploads\/2022\/01\/31_01_2022.COVID_.MAROC_Page_3-1448x2048.jpg 1448w\" sizes=\"auto, (max-width: 1654px) 100vw, 1654px\"><\/a> <a href=\"https:\/\/linitiative.ca\/International\/wp-content\/uploads\/sites\/23\/2022\/01\/31_01_2022.COVID_.MAROC_Page_4.jpg\"><img loading=\"lazy\" decoding=\"async\" class=\"alignnone size-full wp-image-398685\" src=\"https:\/\/linitiative.ca\/International\/wp-content\/uploads\/sites\/23\/2022\/01\/31_01_2022.COVID_.MAROC_Page_4.jpg\" alt=\"\" width=\"1654\" height=\"2339\" srcset=\"https:\/\/linitiative.ca\/International\/wp-content\/uploads\/sites\/23\/2022\/01\/31_01_2022.COVID_.MAROC_Page_4.jpg 1654w, https:\/\/aujourdhui.ma\/wp-content\/uploads\/2022\/01\/31_01_2022.COVID_.MAROC_Page_4-212x300.jpg 212w, https:\/\/aujourdhui.ma\/wp-content\/uploads\/2022\/01\/31_01_2022.COVID_.MAROC_Page_4-724x1024.jpg 724w, https:\/\/aujourdhui.ma\/wp-content\/uploads\/2022\/01\/31_01_2022.COVID_.MAROC_Page_4-768x1086.jpg 768w, https:\/\/aujourdhui.ma\/wp-content\/uploads\/2022\/01\/31_01_2022.COVID_.MAROC_Page_4-1086x1536.jpg 1086w, https:\/\/aujourdhui.ma\/wp-content\/uploads\/2022\/01\/31_01_2022.COVID_.MAROC_Page_4-1448x2048.jpg 1448w\" sizes=\"auto, (max-width: 1654px) 100vw, 1654px\"><\/a><\/p>\n<\/div>\n<p>Auteur: ALM<br \/>\n<a href=\"https:\/\/aujourdhui.ma\/societe\/la-situation-epidemiologique-au-31-janvier-2022-a-16h00\">Cliquez ici pour lire l&rsquo;article depuis sa source.<\/a><\/p>\n","protected":false},"excerpt":{"rendered":"<p>1.321 nouveaux cas soit un cumul de 1.132.716 cas \u00e0 ce jour. 7.048 gu\u00e9risons soit un cumul de 1.076.471 \u00e0 ce jour. 38 nouveaux d\u00e9c\u00e8s donc un cumul de 15.400 \u00e0 ce jour. Nombre de personnes vaccin\u00e9es au 31 Janvier 16H00 1\u00e8re dose : 24 658 729 2\u00e8me dose : 23 079 723 3\u00e8me dose [&hellip;]<\/p>\n","protected":false},"author":1759,"featured_media":0,"comment_status":"closed","ping_status":"closed","sticky":false,"template":"","format":"standard","meta":{"fifu_image_url":"https:\/\/aujourdhui.ma\/wp-content\/uploads\/2020\/07\/covid-19-maroc-300x153.jpg","fifu_image_alt":"La situation \u00e9pid\u00e9miologique au 31 janvier 2022 \u00e0 16H00","footnotes":""},"categories":[73,54],"tags":[],"class_list":["post-139853","post","type-post","status-publish","format-standard","hentry","category-actualite","category-maroc"],"_links":{"self":[{"href":"https:\/\/linitiative.ca\/International\/wp-json\/wp\/v2\/posts\/139853","targetHints":{"allow":["GET"]}}],"collection":[{"href":"https:\/\/linitiative.ca\/International\/wp-json\/wp\/v2\/posts"}],"about":[{"href":"https:\/\/linitiative.ca\/International\/wp-json\/wp\/v2\/types\/post"}],"author":[{"embeddable":true,"href":"https:\/\/linitiative.ca\/International\/wp-json\/wp\/v2\/users\/1759"}],"replies":[{"embeddable":true,"href":"https:\/\/linitiative.ca\/International\/wp-json\/wp\/v2\/comments?post=139853"}],"version-history":[{"count":0,"href":"https:\/\/linitiative.ca\/International\/wp-json\/wp\/v2\/posts\/139853\/revisions"}],"wp:attachment":[{"href":"https:\/\/linitiative.ca\/International\/wp-json\/wp\/v2\/media?parent=139853"}],"wp:term":[{"taxonomy":"category","embeddable":true,"href":"https:\/\/linitiative.ca\/International\/wp-json\/wp\/v2\/categories?post=139853"},{"taxonomy":"post_tag","embeddable":true,"href":"https:\/\/linitiative.ca\/International\/wp-json\/wp\/v2\/tags?post=139853"}],"curies":[{"name":"wp","href":"https:\/\/api.w.org\/{rel}","templated":true}]}}