{"id":139859,"date":"2022-01-31T09:06:14","date_gmt":"2022-01-31T14:06:14","guid":{"rendered":"https:\/\/linitiative.ca\/International\/mason-greenwood-arrete-apres-des-accusations-de-viol\/"},"modified":"2022-01-31T09:06:14","modified_gmt":"2022-01-31T14:06:14","slug":"mason-greenwood-arrete-apres-des-accusations-de-viol","status":"publish","type":"post","link":"https:\/\/linitiative.ca\/International\/mason-greenwood-arrete-apres-des-accusations-de-viol\/","title":{"rendered":"Mason Greenwood arr\u00eat\u00e9 apr\u00e8s des accusations de viol"},"content":{"rendered":"<div>\n<p class=\"has-text-align-center has-vivid-red-color has-text-color\"><strong>Angleterre\/Justice<\/strong><\/p>\n<p><strong>L\u2019attaquant de Manchester United Mason Greenwood a \u00e9t\u00e9 arr\u00eat\u00e9, dimanche, suite \u00e0 des accusations de viol port\u00e9es par une jeune femme sur les r\u00e9seaux sociaux, a annonc\u00e9 la presse britannique.<\/strong><\/p>\n<p>Dans un communiqu\u00e9, la police du Grand Manchester a indiqu\u00e9 qu\u2019apr\u00e8s avoir \u00e9t\u00e9 inform\u00e9e qu\u2019une jeune femme avait publi\u00e9 des accusations de \u00ab\u00a0violence physique\u00a0\u00bb sur les r\u00e9seaux sociaux, elle a lanc\u00e9 une enqu\u00eate, dans le cadre de laquelle un jeune homme d\u2019une vingtaine d\u2019ann\u00e9es a \u00e9t\u00e9 arr\u00eat\u00e9 pour les chefs de viol et agression.<\/p>\n<p>Il a \u00e9t\u00e9 plac\u00e9 en garde \u00e0 vue pour \u00eatre interrog\u00e9, a ajout\u00e9 la police de la ville du nord de l\u2019Angleterre, sans nommer le joueur, pr\u00e9cisant que \u00ab\u00a0les investigations se poursuivent\u00a0\u00bb.<\/p>\n<p>Plus t\u00f4t dans la journ\u00e9e, une vid\u00e9o, des photos et un enregistrement audio ont \u00e9t\u00e9 publi\u00e9s sur le compte Instagram de la femme en question avant d\u2019\u00eatre supprim\u00e9s. Ces images la montraient visage en sang et des contusions sur le corps, avec la mention \u00ab\u00a0\u00e0 tous ceux qui veulent savoir ce que Mason Greenwood me fait r\u00e9ellement\u00a0\u00bb.<br \/>Pour sa part, Manchester United a relev\u00e9 que son attaquant ne participera ni aux entra\u00eenements ni aux matches \u00ab\u00a0jusqu\u2019\u00e0 nouvel ordre\u00a0\u00bb, soulignant que le club \u00ab\u00a0ne tol\u00e8re aucune forme de violence\u00a0\u00bb.<\/p>\n<p>Espoir du football britannique, le joueur de 20 ans a disput\u00e9 18 matches et marqu\u00e9 5 buts cette saison en Premier League.<\/p>\n<p>L\u2019article <a rel=\"nofollow\" href=\"http:\/\/albayane.press.ma\/mason-greenwood-arrete-apres-des-accusations-de-viol.html\">Mason Greenwood arr\u00eat\u00e9 apr\u00e8s des accusations de viol<\/a> est apparu en premier sur <a rel=\"nofollow\" href=\"http:\/\/albayane.press.ma\/\">ALBAYANE<\/a>.<\/p>\n<\/div>\n<p>Auteur: M&rsquo;hammed rahal<br \/>\n<a href=\"http:\/\/albayane.press.ma\/mason-greenwood-arrete-apres-des-accusations-de-viol.html\">Cliquez ici pour lire l&rsquo;article depuis sa source.<\/a><\/p>\n","protected":false},"excerpt":{"rendered":"<p>Angleterre\/Justice L\u2019attaquant de Manchester United Mason Greenwood a \u00e9t\u00e9 arr\u00eat\u00e9, dimanche, suite \u00e0 des accusations de viol port\u00e9es par une jeune femme sur les r\u00e9seaux sociaux, a annonc\u00e9 la presse britannique. Dans un communiqu\u00e9, la police du Grand Manchester a indiqu\u00e9 qu\u2019apr\u00e8s avoir \u00e9t\u00e9 inform\u00e9e qu\u2019une jeune femme avait publi\u00e9 des accusations de \u00ab\u00a0violence physique\u00a0\u00bb [&hellip;]<\/p>\n","protected":false},"author":1760,"featured_media":0,"comment_status":"closed","ping_status":"closed","sticky":false,"template":"","format":"standard","meta":{"fifu_image_url":"","fifu_image_alt":"","footnotes":""},"categories":[73,54],"tags":[],"class_list":["post-139859","post","type-post","status-publish","format-standard","hentry","category-actualite","category-maroc"],"_links":{"self":[{"href":"https:\/\/linitiative.ca\/International\/wp-json\/wp\/v2\/posts\/139859","targetHints":{"allow":["GET"]}}],"collection":[{"href":"https:\/\/linitiative.ca\/International\/wp-json\/wp\/v2\/posts"}],"about":[{"href":"https:\/\/linitiative.ca\/International\/wp-json\/wp\/v2\/types\/post"}],"author":[{"embeddable":true,"href":"https:\/\/linitiative.ca\/International\/wp-json\/wp\/v2\/users\/1760"}],"replies":[{"embeddable":true,"href":"https:\/\/linitiative.ca\/International\/wp-json\/wp\/v2\/comments?post=139859"}],"version-history":[{"count":0,"href":"https:\/\/linitiative.ca\/International\/wp-json\/wp\/v2\/posts\/139859\/revisions"}],"wp:attachment":[{"href":"https:\/\/linitiative.ca\/International\/wp-json\/wp\/v2\/media?parent=139859"}],"wp:term":[{"taxonomy":"category","embeddable":true,"href":"https:\/\/linitiative.ca\/International\/wp-json\/wp\/v2\/categories?post=139859"},{"taxonomy":"post_tag","embeddable":true,"href":"https:\/\/linitiative.ca\/International\/wp-json\/wp\/v2\/tags?post=139859"}],"curies":[{"name":"wp","href":"https:\/\/api.w.org\/{rel}","templated":true}]}}