{"id":139860,"date":"2022-01-31T09:08:05","date_gmt":"2022-01-31T14:08:05","guid":{"rendered":"https:\/\/linitiative.ca\/International\/abdelkrim-el-hilali-reelu-premier-vice-president-de-lunion-arabe\/"},"modified":"2022-01-31T09:08:05","modified_gmt":"2022-01-31T14:08:05","slug":"abdelkrim-el-hilali-reelu-premier-vice-president-de-lunion-arabe","status":"publish","type":"post","link":"https:\/\/linitiative.ca\/International\/abdelkrim-el-hilali-reelu-premier-vice-president-de-lunion-arabe\/","title":{"rendered":"Abdelkrim El Hilali r\u00e9\u00e9lu premier vice-pr\u00e9sident de l\u2019Union arabe"},"content":{"rendered":"<div>\n<p class=\"has-text-align-center has-vivid-red-color has-text-color\"><strong>Muay tha\u00ef<\/strong><\/p>\n<p class=\"has-vivid-cyan-blue-color has-text-color\"><strong>Le pr\u00e9sident de la F\u00e9d\u00e9ration royale marocaine de kick boxing, muay tha\u00ef, savate et disciplines assimil\u00e9es, Abdelkrim El Hilali a \u00e9t\u00e9 r\u00e9\u00e9lu \u00e0 l\u2019unanimit\u00e9 premier vice-pr\u00e9sident de l\u2019Union arabe de Muay tha\u00ef, au cours d\u2019une Assembl\u00e9e g\u00e9n\u00e9rale (AG) tenue par visioconf\u00e9rence.<\/strong><\/p>\n<p>Lors de cette AG, il a \u00e9galement \u00e9t\u00e9 proc\u00e9d\u00e9 \u00e0 la r\u00e9\u00e9lection \u00e0 l\u2019unanimit\u00e9 de l\u2019Emirati Abdellah Said Amer Aniadi au poste de pr\u00e9sident de l\u2019Union arabe, a indiqu\u00e9 samedi l\u2019instance f\u00e9d\u00e9rale dans un communiqu\u00e9.<\/p>\n<p>Le Jordanien Tarik Bin Hazeem Al Muhairi a \u00e9t\u00e9 reconduit au poste de secr\u00e9taire g\u00e9n\u00e9ral, et son compatriote Moussa Jaber secr\u00e9taire g\u00e9n\u00e9ral adjoint.<\/p>\n<p>Le Libyen Mohamed Zarouk et l\u2019\u00e9miratie, Mariem Kabissi ont \u00e9t\u00e9 \u00e9lus vice-pr\u00e9sidents de l\u2019Union arabe.<\/p>\n<p>Le bureau ex\u00e9cutif de l\u2019Union arabe de Muay tha\u00ef est \u00e9galement constitu\u00e9 de l\u2019Irakien Mustapha Jabbar, du Syrien Mohamed Menar Bezra et du Palestinien Mohamed Zidani.<\/p>\n<p>Les repr\u00e9sentants de plusieurs pays arabes ont pris part \u00e0 cette AG, dont le Maroc, la Jordanie, la Tunisie, l\u2019Alg\u00e9rie, le Soudan, la Palestine, le Liban et la Mauritanie.<\/p>\n<p>L\u2019article <a rel=\"nofollow\" href=\"http:\/\/albayane.press.ma\/abdelkrim-el-hilali-reelu-premier-vice-president-de-lunion-arabe.html\">Abdelkrim El Hilali r\u00e9\u00e9lu premier vice-pr\u00e9sident de l\u2019Union arabe<\/a> est apparu en premier sur <a rel=\"nofollow\" href=\"http:\/\/albayane.press.ma\/\">ALBAYANE<\/a>.<\/p>\n<\/div>\n<p>Auteur: M&rsquo;hammed rahal<br \/>\n<a href=\"http:\/\/albayane.press.ma\/abdelkrim-el-hilali-reelu-premier-vice-president-de-lunion-arabe.html\">Cliquez ici pour lire l&rsquo;article depuis sa source.<\/a><\/p>\n","protected":false},"excerpt":{"rendered":"<p>Muay tha\u00ef Le pr\u00e9sident de la F\u00e9d\u00e9ration royale marocaine de kick boxing, muay tha\u00ef, savate et disciplines assimil\u00e9es, Abdelkrim El Hilali a \u00e9t\u00e9 r\u00e9\u00e9lu \u00e0 l\u2019unanimit\u00e9 premier vice-pr\u00e9sident de l\u2019Union arabe de Muay tha\u00ef, au cours d\u2019une Assembl\u00e9e g\u00e9n\u00e9rale (AG) tenue par visioconf\u00e9rence. Lors de cette AG, il a \u00e9galement \u00e9t\u00e9 proc\u00e9d\u00e9 \u00e0 la r\u00e9\u00e9lection [&hellip;]<\/p>\n","protected":false},"author":1760,"featured_media":0,"comment_status":"closed","ping_status":"closed","sticky":false,"template":"","format":"standard","meta":{"fifu_image_url":"","fifu_image_alt":"","footnotes":""},"categories":[73,54],"tags":[],"class_list":["post-139860","post","type-post","status-publish","format-standard","hentry","category-actualite","category-maroc"],"_links":{"self":[{"href":"https:\/\/linitiative.ca\/International\/wp-json\/wp\/v2\/posts\/139860","targetHints":{"allow":["GET"]}}],"collection":[{"href":"https:\/\/linitiative.ca\/International\/wp-json\/wp\/v2\/posts"}],"about":[{"href":"https:\/\/linitiative.ca\/International\/wp-json\/wp\/v2\/types\/post"}],"author":[{"embeddable":true,"href":"https:\/\/linitiative.ca\/International\/wp-json\/wp\/v2\/users\/1760"}],"replies":[{"embeddable":true,"href":"https:\/\/linitiative.ca\/International\/wp-json\/wp\/v2\/comments?post=139860"}],"version-history":[{"count":0,"href":"https:\/\/linitiative.ca\/International\/wp-json\/wp\/v2\/posts\/139860\/revisions"}],"wp:attachment":[{"href":"https:\/\/linitiative.ca\/International\/wp-json\/wp\/v2\/media?parent=139860"}],"wp:term":[{"taxonomy":"category","embeddable":true,"href":"https:\/\/linitiative.ca\/International\/wp-json\/wp\/v2\/categories?post=139860"},{"taxonomy":"post_tag","embeddable":true,"href":"https:\/\/linitiative.ca\/International\/wp-json\/wp\/v2\/tags?post=139860"}],"curies":[{"name":"wp","href":"https:\/\/api.w.org\/{rel}","templated":true}]}}