{"id":139861,"date":"2022-01-31T09:10:07","date_gmt":"2022-01-31T14:10:07","guid":{"rendered":"https:\/\/linitiative.ca\/International\/le-maroc-dispose-de-grands-talents-qui-retabliront-son-leadership-africain-et-arabe\/"},"modified":"2022-01-31T09:10:07","modified_gmt":"2022-01-31T14:10:07","slug":"le-maroc-dispose-de-grands-talents-qui-retabliront-son-leadership-africain-et-arabe","status":"publish","type":"post","link":"https:\/\/linitiative.ca\/International\/le-maroc-dispose-de-grands-talents-qui-retabliront-son-leadership-africain-et-arabe\/","title":{"rendered":"Le Maroc dispose de grands talents qui r\u00e9tabliront son leadership africain et arabe"},"content":{"rendered":"<div>\n<p class=\"has-text-align-center has-vivid-red-color has-text-color\">\u00a0\u00a0\u00a0\u00a0\u00a0\u00a0\u00a0\u00a0\u00a0\u00a0\u00a0<br \/><strong>Cyclisme<\/strong><\/p>\n<p><strong>La s\u00e9lection marocaine de cyclisme dispose d\u2019\u00e9l\u00e9ments jeunes et de grands talents capables de r\u00e9tablir son leadership africain et arabe, a indiqu\u00e9 dimanche le s\u00e9lectionneur national, Abdelati Saadoun.<\/strong><\/p>\n<p>La F\u00e9d\u00e9ration Royale Marocaine de Cyclisme (FRMC) a mis en place un programme ambitieux visant \u00e0 former une \u00e9quipe solide qui r\u00e9tablira le leadership du cyclisme national aux niveaux arabe, africain et international, a d\u00e9clar\u00e9 M. Saadoun \u00e0 la MAP, en marge de la participation de l\u2019\u00e9quipe nationale cycliste \u00e0 la 7\u00e8 \u00e9dition du Tour international de Sharjah.<\/p>\n<p>Il a ajout\u00e9 que, dans cet esprit, le staff technique de la s\u00e9lection nationale adopte une nouvelle strat\u00e9gie bas\u00e9e sur l\u2019entra\u00eenement des \u00e9l\u00e9ments nationaux, \u00e2g\u00e9s entre 23 et 24 ans, \u00e0 l\u2019aide de m\u00e9thodes scientifiques modernes, qui leur permettront \u00e0 l\u2019avenir de s\u2019imposer dans diverses comp\u00e9titions continentales, r\u00e9gionales et mondiales.<\/p>\n<p>L\u2019\u00e9quipe nationale cycliste a d\u00e9marr\u00e9 son activit\u00e9 durant la saison actuelle en participant au Tour international de Sharjah, a-t-il not\u00e9, signalant que cette participation \u00absatisfaisante\u00bb constitue une \u00e9tape pr\u00e9paratoire importante aux prochains rendez-vous internationaux.<\/p>\n<p>M. Saadoun a, de m\u00eame, fait savoir que l\u2019\u00e9quipe nationale se rendra en Turquie pour un stage de pr\u00e9paration aux comp\u00e9titions internationales, notamment le Tour du Rwanda (22 f\u00e9vrier), le Championnat d\u2019Afrique au Burkina Faso (mars), ainsi que les tours de Serbie, Bulgarie, B\u00e9nin et Mali.<\/p>\n<p>Il a pr\u00e9cis\u00e9 que ce stage pr\u00e9paratoire s\u2019inscrit \u00e9galement dans le cadre des pr\u00e9paratifs visant \u00e0 disputer les Jeux M\u00e9diterran\u00e9ens \u00e0 Oran, en Alg\u00e9rie, (25 juin \u2013 5 juillet) et engranger le maximum de points possibles \u00e0 m\u00eame de qualifier le plus grand nombre de coureurs pour le championnat du monde pr\u00e9vu en Australie.<\/p>\n<p>La s\u00e9lection marocaine de cyclisme a r\u00e9ussi \u00e0 conserver la deuxi\u00e8me place au classement g\u00e9n\u00e9ral de la 7\u00e8 \u00e9dition du Tour international de Sharjah au terme de la deuxi\u00e8me \u00e9tape (Cit\u00e9 universitaire), disput\u00e9e samedi sur une distance de 95,35 km.<\/p>\n<p>\u00c0 l\u2019issue de la deuxi\u00e8me \u00e9preuve, l\u2019\u00e9quipe taiwanaise Meiyo CCN Pro Cycling Team a pris la t\u00eate du classement g\u00e9n\u00e9ral avec un temps de 4h22min48sec, suivie de la s\u00e9lection marocaine (4h23min21sec), et de l\u2019\u00e9quipe Bahrain Cycling Academy (4h23min23sec).<\/p>\n<p>Lors de la premi\u00e8re \u00e9tape, qui s\u2019est d\u00e9roul\u00e9e vendredi dans un circuit ferm\u00e9 dans la r\u00e9gion d\u2019Al-Mamzar \u00e0 Sharjah sur une distance de 8,86 km, le jeune cycliste marocain Achraf Daghmi s\u2019est adjug\u00e9 la troisi\u00e8me place en signant un chrono de 11min40sec.<\/p>\n<p>Son compatriote Anass Ait El Abdia, soci\u00e9taire de l\u2019\u00e9quipe \u00e9miratie Al Shafar Jumeirah Cycling Team, a brill\u00e9 de mille feux samedi apr\u00e8s avoir remport\u00e9 la deuxi\u00e8me \u00e9tape du Tour, endossant ainsi le maillot jaune de leader.<\/p>\n<p>Le Marocain Ait El Abdia, 47\u00e8 aux Jeux olympiques de Rio de Janeiro, a boucl\u00e9 l\u2019\u00e9tape avec un chrono de 59min50sec, devant l\u2019Alg\u00e9rien Mansour Hamza (m\u00eame temps) et le soci\u00e9taire de la formation \u00e9miratie Shabab Al Ahli Cycling Team, le Slovaque Bole Grega (m\u00eame temps).<\/p>\n<p>L\u2019\u00e9quipe nationale participant \u00e0 la 7\u00e8 \u00e9dition du Tour international de cyclisme de Sharjah (28 janvier-1er f\u00e9vrier) est compos\u00e9e de Osama Khafi, Adil El Arbawi, Achraf Daghmi, El Hussein Sabahi, Nasreddine El Ma\u00e2touki et Mohamed El Chawi.<\/p>\n<p>Un total de 144 cyclistes prennent part \u00e0 l\u2019\u00e9dition 2022 du Tour international de cyclisme de Sharjah. Ils parcourront une distance totale d\u2019environ 500 km, r\u00e9partie en cinq \u00e9tapes.<\/p>\n<p>Le Tour international de cyclisme de Sharjah reprendra dimanche avec la troisi\u00e8me \u00e9tape qui se disputera sur une distance de 108 km.<\/p>\n<p>L\u2019article <a rel=\"nofollow\" href=\"http:\/\/albayane.press.ma\/le-maroc-dispose-de-grands-talents-qui-retabliront-son-leadership-africain-et-arabe.html\">Le Maroc dispose de grands talents qui r\u00e9tabliront son leadership africain et arabe<\/a> est apparu en premier sur <a rel=\"nofollow\" href=\"http:\/\/albayane.press.ma\/\">ALBAYANE<\/a>.<\/p>\n<\/div>\n<p>Auteur: M&rsquo;hammed rahal<br \/>\n<a href=\"http:\/\/albayane.press.ma\/le-maroc-dispose-de-grands-talents-qui-retabliront-son-leadership-africain-et-arabe.html\">Cliquez ici pour lire l&rsquo;article depuis sa source.<\/a><\/p>\n","protected":false},"excerpt":{"rendered":"<p>\u00a0\u00a0\u00a0\u00a0\u00a0\u00a0\u00a0\u00a0\u00a0\u00a0\u00a0Cyclisme La s\u00e9lection marocaine de cyclisme dispose d\u2019\u00e9l\u00e9ments jeunes et de grands talents capables de r\u00e9tablir son leadership africain et arabe, a indiqu\u00e9 dimanche le s\u00e9lectionneur national, Abdelati Saadoun. La F\u00e9d\u00e9ration Royale Marocaine de Cyclisme (FRMC) a mis en place un programme ambitieux visant \u00e0 former une \u00e9quipe solide qui r\u00e9tablira le leadership du cyclisme [&hellip;]<\/p>\n","protected":false},"author":1760,"featured_media":0,"comment_status":"closed","ping_status":"closed","sticky":false,"template":"","format":"standard","meta":{"fifu_image_url":"","fifu_image_alt":"","footnotes":""},"categories":[73,54],"tags":[],"class_list":["post-139861","post","type-post","status-publish","format-standard","hentry","category-actualite","category-maroc"],"_links":{"self":[{"href":"https:\/\/linitiative.ca\/International\/wp-json\/wp\/v2\/posts\/139861","targetHints":{"allow":["GET"]}}],"collection":[{"href":"https:\/\/linitiative.ca\/International\/wp-json\/wp\/v2\/posts"}],"about":[{"href":"https:\/\/linitiative.ca\/International\/wp-json\/wp\/v2\/types\/post"}],"author":[{"embeddable":true,"href":"https:\/\/linitiative.ca\/International\/wp-json\/wp\/v2\/users\/1760"}],"replies":[{"embeddable":true,"href":"https:\/\/linitiative.ca\/International\/wp-json\/wp\/v2\/comments?post=139861"}],"version-history":[{"count":0,"href":"https:\/\/linitiative.ca\/International\/wp-json\/wp\/v2\/posts\/139861\/revisions"}],"wp:attachment":[{"href":"https:\/\/linitiative.ca\/International\/wp-json\/wp\/v2\/media?parent=139861"}],"wp:term":[{"taxonomy":"category","embeddable":true,"href":"https:\/\/linitiative.ca\/International\/wp-json\/wp\/v2\/categories?post=139861"},{"taxonomy":"post_tag","embeddable":true,"href":"https:\/\/linitiative.ca\/International\/wp-json\/wp\/v2\/tags?post=139861"}],"curies":[{"name":"wp","href":"https:\/\/api.w.org\/{rel}","templated":true}]}}