{"id":139862,"date":"2022-01-31T09:18:18","date_gmt":"2022-01-31T14:18:18","guid":{"rendered":"https:\/\/linitiative.ca\/International\/enjeux-sanitaires-et-economiques\/"},"modified":"2022-01-31T09:18:18","modified_gmt":"2022-01-31T14:18:18","slug":"enjeux-sanitaires-et-economiques","status":"publish","type":"post","link":"https:\/\/linitiative.ca\/International\/enjeux-sanitaires-et-economiques\/","title":{"rendered":"Enjeux sanitaires et \u00e9conomiques"},"content":{"rendered":"<div>\n<p class=\"has-text-align-center has-vivid-red-color has-text-color\"><strong>R\u00e9ouverture des fronti\u00e8res<\/strong><\/p>\n<p class=\"has-text-align-right\"><strong>Ouardirhi Abdelaziz<\/strong><\/p>\n<p class=\"has-vivid-cyan-blue-color has-text-color\"><strong>Fin novembre, les autorit\u00e9s marocaines ont d\u00e9cid\u00e9 de suspendre tous les vols directs de passagers \u00e0 destination du Maroc. Une d\u00e9cision li\u00e9e \u00e0 la flamb\u00e9e de l\u2019\u00e9pid\u00e9mie de coronavirus et au variant Omicron, mais qui ne sera plus en vigueur \u00e0 compter du 7 f\u00e9vrier prochain.<\/strong><\/p>\n<p><strong>Enjeux Sanitaires<\/strong><\/p>\n<p>Le Maroc a enregistr\u00e9 son premier cas de covid-19, le 02 mars 2020. Les autorit\u00e9s marocaines ont d\u00e9cr\u00e9t\u00e9 l\u2019\u00e9tat d\u2019urgence sanitaire le 20 mars alors que le pays ne comptait que 77 cas positifs.<\/p>\n<p>Mais tr\u00e8s vite, le Maroc s\u2019est retrouv\u00e9 face \u00e0 des d\u00e9ferlantes de cas Covid, et nous avons tous encore en m\u00e9moire, les clusters enregistr\u00e9s au sein d\u2019entreprises, d\u2019usines o\u00f9 il y avait des centaines et des centaines de nouveaux cas.<\/p>\n<p>Face \u00e0 ces flux de malades,\u00a0 les lits d\u2019h\u00f4pitaux ne suffisaient plus\u00a0: il y a \u00a025.000 lits dans le public, soit un ratio de 10 pour 10 000 habitants. Les unit\u00e9s de r\u00e9animation et de soins intensifs ne pouvaient pas faire face \u00e0 toutes les demandes. Il y avait 1640 lits de r\u00e9animation pour une population de 36 millions d\u2019habitants, fort heureusement que gr\u00e2ce \u00e0 divers financements, le Maroc a pu multiplier par 5 le nombre de lits de r\u00e9animation. Aujourd\u2019hui, lequel se chiffre \u00e0 plus de six- mille.<\/p>\n<p>Les ressources humaines, un enjeu majeur dans le secteur de la sant\u00e9<\/p>\n<p>Le corps m\u00e9dical exer\u00e7ant au niveau des \u00e9tablissements publics de sant\u00e9 se chiffre \u00e0 12.454. Celui exer\u00e7ant dans le secteur priv\u00e9 est estim\u00e9 \u00e0 13.622 m\u00e9decins.<\/p>\n<p>Au total, le Maroc compte 25.575 m\u00e9decins dans le public et priv\u00e9 (11.953+13.622). Pour une population de 36 millions d\u2019habitants, le ratio est de 7,1 m\u00e9decins pour 10.000 habitants. Il est encore tr\u00e8s loin du standard de l\u2019Organisation mondiale de la sant\u00e9 (OMS) fix\u00e9 \u00e0 15,3 m\u00e9decins pour 10.000 habitants.<\/p>\n<p>Le syst\u00e8me de sant\u00e9 souffre d\u2019un manque cruel en ressources humaines. Le Maroc a un d\u00e9ficit de 97.566 professionnels de sant\u00e9, dont 32.522 m\u00e9decins et 65.044 infirmiers, la densit\u00e9 actuelle ne d\u00e9passe pas 1,7 par 1.000 habitants, ce qui signifie un besoin de 2,75 par 1.000 habitants.<\/p>\n<p>Sans des ressources humaines en nombre suffisants, notre syst\u00e8me de sant\u00e9 ne r\u00e9ussira jamais \u00e0 relever les d\u00e9fis auxquels il doit faire face.<\/p>\n<p>Il ne faut pas se tromper, se leurrer, et croire que le probl\u00e8me des ressources humaines va se r\u00e9solver avec le temps.<\/p>\n<p>Et m\u00eame avec tout l\u2019argent du monde, avec les 23,5 milliards de dirhams (MMDH) du budget g\u00e9n\u00e9ral de l\u2019\u00c9tat au minist\u00e8re de la Sant\u00e9 et de la protection sociale, en hausse de 19% par rapport \u00e0 l\u2019exercice 2021, cela ne signifie absolument rien si le minist\u00e8re de la Sant\u00e9<strong> <\/strong>ne dispose pas du personnel n\u00e9cessaire pour mener \u00e0 bien ses missions.<\/p>\n<p><strong>Contr\u00f4le sanitaire aux fronti\u00e8res<\/strong><\/p>\n<p>Le contr\u00f4le sanitaire aux fronti\u00e8res est une responsabilit\u00e9 du gouvernement et une comp\u00e9tence du minist\u00e8re de la Sant\u00e9. Il a pour objectif de minimiser les risques d\u2019entr\u00e9e ou de sortie de probl\u00e8mes de sant\u00e9 en provenance de ou vers l\u2019international, en application du R\u00e8glement Sanitaire International auquel a souscrit le Maroc.<\/p>\n<p>S\u2019agissant de la lutte contre le Covid , et\u00a0 du contr\u00f4le sanitaire aux fronti\u00e8res, c\u2019est un enjeu sanitaire ind\u00e9niable. Il est essentiel de revoir toute la strat\u00e9gie et l\u2019organisation mises en place il y a deux ans.<\/p>\n<p>Il est d\u00e9pass\u00e9 le temps o\u00f9 on prenait la temp\u00e9rature corporelle pour seul crit\u00e8re d\u2019\u00e9valuation d\u2019un covid.<\/p>\n<p>Aujourd\u2019hui, tous les a\u00e9roports du Maroc disposent\u00a0 de cam\u00e9ras thermiques et thermom\u00e8tres \u00e9lectroniques, qui d\u00e9tectent facilement la temp\u00e9rature des voyageurs. Les personnes \u00e0 temp\u00e9rature \u00e9lev\u00e9e devront syst\u00e9matiquement effectuer un test antig\u00e9nique.<\/p>\n<p>Si un voyageur est positif au Covid, celui-ci est pris en charge temporairement, m\u00e9dicalement avant d\u2019\u00eatre renvoy\u00e9 dans son pays d\u2019origine.<\/p>\n<p>La question qui reste pos\u00e9e, c\u2019est celle des fronti\u00e8res terrestres et maritimes .Il est \u00e9vident que ces fronti\u00e8res ne resteront pas \u00e9ternellement ferm\u00e9es. Il va donc falloir d\u00e9s \u00e0 pr\u00e9sent pr\u00e9voir toute la logistique n\u00e9cessaire pour assurer les contr\u00f4les sanitaires au niveau de ces fronti\u00e8res.<\/p>\n<p><strong>Et les enjeux \u00e9conomiques<\/strong><\/p>\n<p>La question de l\u2019ouverture ou non des fronti\u00e8res a fait couler beaucoup d\u2019encre. Elle a soulev\u00e9 des passions, cr\u00e9e des tensions, suscit\u00e9 la col\u00e8re, mais elle incite aussi \u00e0 la pond\u00e9ration et \u00e0 la sagesse.<\/p>\n<p>Finalement, c\u2019est une question qui ne laisse aucun marocain indiff\u00e8rent car les enjeux sont importants, multiples et vari\u00e9s.<\/p>\n<p>C\u2019est la raison pour laquelle plusieurs d\u00e9cideurs, responsables, experts, ont apport\u00e9, d\u00e9velopp\u00e9 et enrichi par leurs analyses, une situation perplexe.<\/p>\n<p>Il est utile de rappeler si besoin est que la fermeture des fronti\u00e8res a frapp\u00e9 de plein fouet l\u2019industrie du tourisme, de l\u2019h\u00f4tellerie et de la restauration, la fermeture des caf\u00e9s, des bars, des boites de nuit, des hammams, des salles de f\u00eates, de mariages. Toutes ces fermetures ont eu des r\u00e9percussions soudaines et dramatiques sur les travailleurs et entreprises. Souvent, les premiers \u00e0 perdre leur emploi sont ceux dont le travail \u00e9tait d\u00e9j\u00e0 pr\u00e9caire comme, les serveurs, le personnel de cuisine, les bagagistes et les employ\u00e9s de services de nettoyage.<\/p>\n<p>L\u2019ouverture des fronti\u00e8res est tr\u00e8s importante, c\u2019est un enjeu majeur pour l\u2019\u00e9conomie de notre pays. Le tourisme est un secteur vital pour l\u2019\u00e9conomie du royaume.<\/p>\n<p>L\u2019importance du tourisme au Maroc n\u2019est plus \u00e0 d\u00e9montrer, c\u2019est un secteur qui cr\u00e9ait de la richesse. En cela, il constitue une partie importante du produit int\u00e9rieur brut, avec un concours de 8 \u00e0 10 % du PIB du pays. En plus, c\u2019est un secteur qui cr\u00e9e des emplois, plus de 550 000 d\u2019emplois directs ont \u00e9t\u00e9 cr\u00e9\u00e9s en 2019, soit pr\u00e8s de 5% de part d\u2019emploi dans l\u2019ensemble de l\u2019\u00e9conomie.<\/p>\n<p>L\u2019article <a rel=\"nofollow\" href=\"http:\/\/albayane.press.ma\/enjeux-sanitaires-et-economiques-3.html\">Enjeux sanitaires et \u00e9conomiques<\/a> est apparu en premier sur <a rel=\"nofollow\" href=\"http:\/\/albayane.press.ma\/\">ALBAYANE<\/a>.<\/p>\n<\/div>\n<p>Auteur: M&rsquo;hammed rahal<br \/>\n<a href=\"http:\/\/albayane.press.ma\/enjeux-sanitaires-et-economiques-3.html\">Cliquez ici pour lire l&rsquo;article depuis sa source.<\/a><\/p>\n","protected":false},"excerpt":{"rendered":"<p>R\u00e9ouverture des fronti\u00e8res Ouardirhi Abdelaziz Fin novembre, les autorit\u00e9s marocaines ont d\u00e9cid\u00e9 de suspendre tous les vols directs de passagers \u00e0 destination du Maroc. Une d\u00e9cision li\u00e9e \u00e0 la flamb\u00e9e de l\u2019\u00e9pid\u00e9mie de coronavirus et au variant Omicron, mais qui ne sera plus en vigueur \u00e0 compter du 7 f\u00e9vrier prochain. Enjeux Sanitaires Le Maroc [&hellip;]<\/p>\n","protected":false},"author":1760,"featured_media":0,"comment_status":"closed","ping_status":"closed","sticky":false,"template":"","format":"standard","meta":{"fifu_image_url":"","fifu_image_alt":"","footnotes":""},"categories":[73,54],"tags":[],"class_list":["post-139862","post","type-post","status-publish","format-standard","hentry","category-actualite","category-maroc"],"_links":{"self":[{"href":"https:\/\/linitiative.ca\/International\/wp-json\/wp\/v2\/posts\/139862","targetHints":{"allow":["GET"]}}],"collection":[{"href":"https:\/\/linitiative.ca\/International\/wp-json\/wp\/v2\/posts"}],"about":[{"href":"https:\/\/linitiative.ca\/International\/wp-json\/wp\/v2\/types\/post"}],"author":[{"embeddable":true,"href":"https:\/\/linitiative.ca\/International\/wp-json\/wp\/v2\/users\/1760"}],"replies":[{"embeddable":true,"href":"https:\/\/linitiative.ca\/International\/wp-json\/wp\/v2\/comments?post=139862"}],"version-history":[{"count":0,"href":"https:\/\/linitiative.ca\/International\/wp-json\/wp\/v2\/posts\/139862\/revisions"}],"wp:attachment":[{"href":"https:\/\/linitiative.ca\/International\/wp-json\/wp\/v2\/media?parent=139862"}],"wp:term":[{"taxonomy":"category","embeddable":true,"href":"https:\/\/linitiative.ca\/International\/wp-json\/wp\/v2\/categories?post=139862"},{"taxonomy":"post_tag","embeddable":true,"href":"https:\/\/linitiative.ca\/International\/wp-json\/wp\/v2\/tags?post=139862"}],"curies":[{"name":"wp","href":"https:\/\/api.w.org\/{rel}","templated":true}]}}