{"id":139864,"date":"2022-01-31T08:31:00","date_gmt":"2022-01-31T13:31:00","guid":{"rendered":"https:\/\/linitiative.ca\/International\/mohamed-benkhemassa-sengage-avec-al-ismaily-degypte\/"},"modified":"2022-01-31T08:31:00","modified_gmt":"2022-01-31T13:31:00","slug":"mohamed-benkhemassa-sengage-avec-al-ismaily-degypte","status":"publish","type":"post","link":"https:\/\/linitiative.ca\/International\/mohamed-benkhemassa-sengage-avec-al-ismaily-degypte\/","title":{"rendered":"Mohamed Benkhemassa s&rsquo;engage avec Al-Ismaily d&rsquo;Egypte"},"content":{"rendered":"<div>Le milieu de terrain alg\u00e9rien du FC Malaga (division 2 espagnole), Mohamed Benkhemassa, 28 ans, s&rsquo;est engag\u00e9 avec la formation \u00e9gyptienne d&rsquo;Al-Ismaily SC<\/div>\n<p>Auteur:<br \/>\n<a href=\"https:\/\/www.liberte-algerie.com\/sports\/mohamed-benkhemassa-sengage-avec-al-ismaily-degypte-372545\">Cliquez ici pour lire l&rsquo;article depuis sa source.<\/a><\/p>\n","protected":false},"excerpt":{"rendered":"<p>Le milieu de terrain alg\u00e9rien du FC Malaga (division 2 espagnole), Mohamed Benkhemassa, 28 ans, s&rsquo;est engag\u00e9 avec la formation \u00e9gyptienne d&rsquo;Al-Ismaily SC Auteur: Cliquez ici pour lire l&rsquo;article depuis sa source.<\/p>\n","protected":false},"author":1742,"featured_media":0,"comment_status":"closed","ping_status":"closed","sticky":false,"template":"","format":"standard","meta":{"fifu_image_url":"","fifu_image_alt":"","footnotes":""},"categories":[73,53],"tags":[],"class_list":["post-139864","post","type-post","status-publish","format-standard","hentry","category-actualite","category-algerie"],"_links":{"self":[{"href":"https:\/\/linitiative.ca\/International\/wp-json\/wp\/v2\/posts\/139864","targetHints":{"allow":["GET"]}}],"collection":[{"href":"https:\/\/linitiative.ca\/International\/wp-json\/wp\/v2\/posts"}],"about":[{"href":"https:\/\/linitiative.ca\/International\/wp-json\/wp\/v2\/types\/post"}],"author":[{"embeddable":true,"href":"https:\/\/linitiative.ca\/International\/wp-json\/wp\/v2\/users\/1742"}],"replies":[{"embeddable":true,"href":"https:\/\/linitiative.ca\/International\/wp-json\/wp\/v2\/comments?post=139864"}],"version-history":[{"count":0,"href":"https:\/\/linitiative.ca\/International\/wp-json\/wp\/v2\/posts\/139864\/revisions"}],"wp:attachment":[{"href":"https:\/\/linitiative.ca\/International\/wp-json\/wp\/v2\/media?parent=139864"}],"wp:term":[{"taxonomy":"category","embeddable":true,"href":"https:\/\/linitiative.ca\/International\/wp-json\/wp\/v2\/categories?post=139864"},{"taxonomy":"post_tag","embeddable":true,"href":"https:\/\/linitiative.ca\/International\/wp-json\/wp\/v2\/tags?post=139864"}],"curies":[{"name":"wp","href":"https:\/\/api.w.org\/{rel}","templated":true}]}}