{"id":139865,"date":"2022-01-31T10:00:00","date_gmt":"2022-01-31T15:00:00","guid":{"rendered":"https:\/\/linitiative.ca\/International\/le-mali-decide-dexpulser-lambassadeur-de-france\/"},"modified":"2022-01-31T10:00:00","modified_gmt":"2022-01-31T15:00:00","slug":"le-mali-decide-dexpulser-lambassadeur-de-france","status":"publish","type":"post","link":"https:\/\/linitiative.ca\/International\/le-mali-decide-dexpulser-lambassadeur-de-france\/","title":{"rendered":"Le Mali d\u00e9cide d&rsquo;expulser l&rsquo;ambassadeur de France"},"content":{"rendered":"<div>Les autorit\u00e9s maliennes ont d\u00e9cid\u00e9 d&rsquo;expulser l&rsquo;ambassadeur de France, a annonc\u00e9 lundi la t\u00e9l\u00e9vision d&rsquo;Etat.<\/div>\n<p>Auteur:<br \/>\n<a href=\"https:\/\/www.liberte-algerie.com\/international\/le-mali-decide-dexpulser-lambassadeur-de-france-372552\">Cliquez ici pour lire l&rsquo;article depuis sa source.<\/a><\/p>\n","protected":false},"excerpt":{"rendered":"<p>Les autorit\u00e9s maliennes ont d\u00e9cid\u00e9 d&rsquo;expulser l&rsquo;ambassadeur de France, a annonc\u00e9 lundi la t\u00e9l\u00e9vision d&rsquo;Etat. Auteur: Cliquez ici pour lire l&rsquo;article depuis sa source.<\/p>\n","protected":false},"author":1742,"featured_media":0,"comment_status":"closed","ping_status":"closed","sticky":false,"template":"","format":"standard","meta":{"fifu_image_url":"","fifu_image_alt":"","footnotes":""},"categories":[73,53],"tags":[],"class_list":["post-139865","post","type-post","status-publish","format-standard","hentry","category-actualite","category-algerie"],"_links":{"self":[{"href":"https:\/\/linitiative.ca\/International\/wp-json\/wp\/v2\/posts\/139865","targetHints":{"allow":["GET"]}}],"collection":[{"href":"https:\/\/linitiative.ca\/International\/wp-json\/wp\/v2\/posts"}],"about":[{"href":"https:\/\/linitiative.ca\/International\/wp-json\/wp\/v2\/types\/post"}],"author":[{"embeddable":true,"href":"https:\/\/linitiative.ca\/International\/wp-json\/wp\/v2\/users\/1742"}],"replies":[{"embeddable":true,"href":"https:\/\/linitiative.ca\/International\/wp-json\/wp\/v2\/comments?post=139865"}],"version-history":[{"count":0,"href":"https:\/\/linitiative.ca\/International\/wp-json\/wp\/v2\/posts\/139865\/revisions"}],"wp:attachment":[{"href":"https:\/\/linitiative.ca\/International\/wp-json\/wp\/v2\/media?parent=139865"}],"wp:term":[{"taxonomy":"category","embeddable":true,"href":"https:\/\/linitiative.ca\/International\/wp-json\/wp\/v2\/categories?post=139865"},{"taxonomy":"post_tag","embeddable":true,"href":"https:\/\/linitiative.ca\/International\/wp-json\/wp\/v2\/tags?post=139865"}],"curies":[{"name":"wp","href":"https:\/\/api.w.org\/{rel}","templated":true}]}}