{"id":139870,"date":"2022-01-31T11:35:15","date_gmt":"2022-01-31T16:35:15","guid":{"rendered":"https:\/\/linitiative.ca\/International\/logistique-cma-cgm-se-renforce-avec-colis-prive\/"},"modified":"2022-01-31T11:35:15","modified_gmt":"2022-01-31T16:35:15","slug":"logistique-cma-cgm-se-renforce-avec-colis-prive","status":"publish","type":"post","link":"https:\/\/linitiative.ca\/International\/logistique-cma-cgm-se-renforce-avec-colis-prive\/","title":{"rendered":"Logistique: CMA CGM se renforce avec Colis Priv\u00e9"},"content":{"rendered":"<div>\n<div class=\"field field-name-body field-type-text-with-summary field-label-hidden\">\n<div class=\"field-items\">\n<div class=\"field-item even\" property=\"content:encoded\">\n<p class=\"rtejustify\">Le Groupe CMA CGM renforce son d\u00e9veloppement dans la logistique du dernier kilom\u00e8tre avec Colis Priv\u00e9, groupe op\u00e9rant en France, en Belgique, au Luxembourg et au Maroc. Le g\u00e9ant mondial du transport maritime a annonc\u00e9, ce lundi, la signature d\u2019une promesse d\u2019acquisition aupr\u00e8s de HOPPS Group de 51% du capital de sa filiale Colis Priv\u00e9 Group, leader priv\u00e9 en France de la livraison de colis aux particuliers. Cette acquisition pr\u00e9voit \u00e9galement la possibilit\u00e9 pour CMA CGM de se renforcer \u00e0 terme au capital de Colis Priv\u00e9 Group.<\/p>\n<\/div>\n<\/div>\n<\/div>\n<\/div>\n<p>Auteur: hgueye<br \/>\n<a href=\"https:\/\/www.leconomiste.com\/flash-infos\/logistique-cma-cgm-se-renforce-avec-colis-prive\">Cliquez ici pour lire l&rsquo;article depuis sa source.<\/a><\/p>\n","protected":false},"excerpt":{"rendered":"<p>Le Groupe CMA CGM renforce son d\u00e9veloppement dans la logistique du dernier kilom\u00e8tre avec Colis Priv\u00e9, groupe op\u00e9rant en France, en Belgique, au Luxembourg et au Maroc. Le g\u00e9ant mondial du transport maritime a annonc\u00e9, ce lundi, la signature d\u2019une promesse d\u2019acquisition aupr\u00e8s de HOPPS Group de 51% du capital de sa filiale Colis Priv\u00e9 [&hellip;]<\/p>\n","protected":false},"author":1763,"featured_media":0,"comment_status":"closed","ping_status":"closed","sticky":false,"template":"","format":"standard","meta":{"fifu_image_url":"","fifu_image_alt":"","footnotes":""},"categories":[78,54],"tags":[],"class_list":["post-139870","post","type-post","status-publish","format-standard","hentry","category-economie","category-maroc"],"_links":{"self":[{"href":"https:\/\/linitiative.ca\/International\/wp-json\/wp\/v2\/posts\/139870","targetHints":{"allow":["GET"]}}],"collection":[{"href":"https:\/\/linitiative.ca\/International\/wp-json\/wp\/v2\/posts"}],"about":[{"href":"https:\/\/linitiative.ca\/International\/wp-json\/wp\/v2\/types\/post"}],"author":[{"embeddable":true,"href":"https:\/\/linitiative.ca\/International\/wp-json\/wp\/v2\/users\/1763"}],"replies":[{"embeddable":true,"href":"https:\/\/linitiative.ca\/International\/wp-json\/wp\/v2\/comments?post=139870"}],"version-history":[{"count":0,"href":"https:\/\/linitiative.ca\/International\/wp-json\/wp\/v2\/posts\/139870\/revisions"}],"wp:attachment":[{"href":"https:\/\/linitiative.ca\/International\/wp-json\/wp\/v2\/media?parent=139870"}],"wp:term":[{"taxonomy":"category","embeddable":true,"href":"https:\/\/linitiative.ca\/International\/wp-json\/wp\/v2\/categories?post=139870"},{"taxonomy":"post_tag","embeddable":true,"href":"https:\/\/linitiative.ca\/International\/wp-json\/wp\/v2\/tags?post=139870"}],"curies":[{"name":"wp","href":"https:\/\/api.w.org\/{rel}","templated":true}]}}