{"id":139871,"date":"2022-01-31T12:08:23","date_gmt":"2022-01-31T17:08:23","guid":{"rendered":"https:\/\/linitiative.ca\/International\/les-ag-annuelles-banque-mondiale-fmi-a-marrakech-en-2023\/"},"modified":"2022-01-31T12:08:23","modified_gmt":"2022-01-31T17:08:23","slug":"les-ag-annuelles-banque-mondiale-fmi-a-marrakech-en-2023","status":"publish","type":"post","link":"https:\/\/linitiative.ca\/International\/les-ag-annuelles-banque-mondiale-fmi-a-marrakech-en-2023\/","title":{"rendered":"Les AG annuelles Banque Mondiale-FMI \u00e0 Marrakech en 2023"},"content":{"rendered":"<div>\n<div class=\"field field-name-body field-type-text-with-summary field-label-hidden\">\n<div class=\"field-items\">\n<div class=\"field-item even\" property=\"content:encoded\">\n<p class=\"rtejustify\">Les assembl\u00e9es annuelles du Groupe de la Banque mondiale et du Fonds mon\u00e9taire international (FMI), qui devaient se tenir en octobre prochain \u00e0 Marrakech, ont \u00e9t\u00e9 report\u00e9es \u00e0 2023, selon un communiqu\u00e9 rendu public lundi \u00e0 Washington.<\/p>\n<p class=\"rtejustify\">Cette ann\u00e9e, ce conclave \u00ab\u00a0aura d\u00e9sormais lieu \u00e0 Washington D.C. en raison de l&rsquo;incertitude persistante concernant la pand\u00e9mie de COVID-19\u00a0\u00bb, ont indiqu\u00e9 les deux institutions financi\u00e8res internationales. \u00ab\u00a0Les Assembl\u00e9es annuelles d&rsquo;octobre 2023 se tiendront \u00e0 Marrakech\u00a0\u00bb, a-t-on pr\u00e9cis\u00e9.<\/p>\n<\/div>\n<\/div>\n<\/div>\n<\/div>\n<p>Auteur: hgueye<br \/>\n<a href=\"https:\/\/www.leconomiste.com\/flash-infos\/les-ag-annuelles-banque-mondiale-fmi-marrakech-en-2023\">Cliquez ici pour lire l&rsquo;article depuis sa source.<\/a><\/p>\n","protected":false},"excerpt":{"rendered":"<p>Les assembl\u00e9es annuelles du Groupe de la Banque mondiale et du Fonds mon\u00e9taire international (FMI), qui devaient se tenir en octobre prochain \u00e0 Marrakech, ont \u00e9t\u00e9 report\u00e9es \u00e0 2023, selon un communiqu\u00e9 rendu public lundi \u00e0 Washington. Cette ann\u00e9e, ce conclave \u00ab\u00a0aura d\u00e9sormais lieu \u00e0 Washington D.C. en raison de l&rsquo;incertitude persistante concernant la pand\u00e9mie [&hellip;]<\/p>\n","protected":false},"author":1763,"featured_media":0,"comment_status":"closed","ping_status":"closed","sticky":false,"template":"","format":"standard","meta":{"fifu_image_url":"","fifu_image_alt":"","footnotes":""},"categories":[78,54],"tags":[],"class_list":["post-139871","post","type-post","status-publish","format-standard","hentry","category-economie","category-maroc"],"_links":{"self":[{"href":"https:\/\/linitiative.ca\/International\/wp-json\/wp\/v2\/posts\/139871","targetHints":{"allow":["GET"]}}],"collection":[{"href":"https:\/\/linitiative.ca\/International\/wp-json\/wp\/v2\/posts"}],"about":[{"href":"https:\/\/linitiative.ca\/International\/wp-json\/wp\/v2\/types\/post"}],"author":[{"embeddable":true,"href":"https:\/\/linitiative.ca\/International\/wp-json\/wp\/v2\/users\/1763"}],"replies":[{"embeddable":true,"href":"https:\/\/linitiative.ca\/International\/wp-json\/wp\/v2\/comments?post=139871"}],"version-history":[{"count":0,"href":"https:\/\/linitiative.ca\/International\/wp-json\/wp\/v2\/posts\/139871\/revisions"}],"wp:attachment":[{"href":"https:\/\/linitiative.ca\/International\/wp-json\/wp\/v2\/media?parent=139871"}],"wp:term":[{"taxonomy":"category","embeddable":true,"href":"https:\/\/linitiative.ca\/International\/wp-json\/wp\/v2\/categories?post=139871"},{"taxonomy":"post_tag","embeddable":true,"href":"https:\/\/linitiative.ca\/International\/wp-json\/wp\/v2\/tags?post=139871"}],"curies":[{"name":"wp","href":"https:\/\/api.w.org\/{rel}","templated":true}]}}