{"id":139883,"date":"2022-01-31T05:00:00","date_gmt":"2022-01-31T10:00:00","guid":{"rendered":"https:\/\/linitiative.ca\/International\/relancer-la-production-animale\/"},"modified":"2022-01-31T05:00:00","modified_gmt":"2022-01-31T10:00:00","slug":"relancer-la-production-animale","status":"publish","type":"post","link":"https:\/\/linitiative.ca\/International\/relancer-la-production-animale\/","title":{"rendered":"Relancer la production animale"},"content":{"rendered":"<div>Le minist\u00e8re de l\u2019Agriculture et du D\u00e9veloppement rural compte relancer la production animale. A cet effet, plusieurs programmes destin\u00e9s au d\u00e9veloppement de cette fili\u00e8re<\/div>\n<p>Auteur:<br \/>\n<a href=\"https:\/\/www.lesoirdalgerie.com\/periscoop\/relancer-la-production-animale-74576\">Cliquez ici pour lire l&rsquo;article depuis sa source.<\/a><\/p>\n","protected":false},"excerpt":{"rendered":"<p>Le minist\u00e8re de l\u2019Agriculture et du D\u00e9veloppement rural compte relancer la production animale. A cet effet, plusieurs programmes destin\u00e9s au d\u00e9veloppement de cette fili\u00e8re Auteur: Cliquez ici pour lire l&rsquo;article depuis sa source.<\/p>\n","protected":false},"author":1741,"featured_media":0,"comment_status":"closed","ping_status":"closed","sticky":false,"template":"","format":"standard","meta":{"fifu_image_url":"","fifu_image_alt":"","footnotes":""},"categories":[73,53],"tags":[],"class_list":["post-139883","post","type-post","status-publish","format-standard","hentry","category-actualite","category-algerie"],"_links":{"self":[{"href":"https:\/\/linitiative.ca\/International\/wp-json\/wp\/v2\/posts\/139883","targetHints":{"allow":["GET"]}}],"collection":[{"href":"https:\/\/linitiative.ca\/International\/wp-json\/wp\/v2\/posts"}],"about":[{"href":"https:\/\/linitiative.ca\/International\/wp-json\/wp\/v2\/types\/post"}],"author":[{"embeddable":true,"href":"https:\/\/linitiative.ca\/International\/wp-json\/wp\/v2\/users\/1741"}],"replies":[{"embeddable":true,"href":"https:\/\/linitiative.ca\/International\/wp-json\/wp\/v2\/comments?post=139883"}],"version-history":[{"count":0,"href":"https:\/\/linitiative.ca\/International\/wp-json\/wp\/v2\/posts\/139883\/revisions"}],"wp:attachment":[{"href":"https:\/\/linitiative.ca\/International\/wp-json\/wp\/v2\/media?parent=139883"}],"wp:term":[{"taxonomy":"category","embeddable":true,"href":"https:\/\/linitiative.ca\/International\/wp-json\/wp\/v2\/categories?post=139883"},{"taxonomy":"post_tag","embeddable":true,"href":"https:\/\/linitiative.ca\/International\/wp-json\/wp\/v2\/tags?post=139883"}],"curies":[{"name":"wp","href":"https:\/\/api.w.org\/{rel}","templated":true}]}}