{"id":139887,"date":"2022-01-31T10:27:34","date_gmt":"2022-01-31T15:27:34","guid":{"rendered":"https:\/\/linitiative.ca\/International\/chery-innove-en-matiere-de-technologie-hybride\/"},"modified":"2022-01-31T10:27:34","modified_gmt":"2022-01-31T15:27:34","slug":"chery-innove-en-matiere-de-technologie-hybride","status":"publish","type":"post","link":"https:\/\/linitiative.ca\/International\/chery-innove-en-matiere-de-technologie-hybride\/","title":{"rendered":"Chery innove en mati\u00e8re de technologie hybride"},"content":{"rendered":"<div><img decoding=\"async\" width=\"1389\" height=\"826\" src=\"https:\/\/linitiative.ca\/International\/wp-content\/uploads\/sites\/23\/2022\/01\/Ouv-Chery-hybrid-.jpg\" class=\"attachment-post-thumbnail size-post-thumbnail wp-post-image\" alt=\"\" loading=\"lazy\" srcset=\"https:\/\/linitiative.ca\/International\/wp-content\/uploads\/sites\/23\/2022\/01\/Ouv-Chery-hybrid-.jpg 1389w, https:\/\/www.challenge.ma\/wp-content\/uploads\/2022\/01\/Ouv-Chery-hybrid--300x178.jpg 300w, https:\/\/www.challenge.ma\/wp-content\/uploads\/2022\/01\/Ouv-Chery-hybrid--1024x609.jpg 1024w, https:\/\/www.challenge.ma\/wp-content\/uploads\/2022\/01\/Ouv-Chery-hybrid--768x457.jpg 768w, https:\/\/www.challenge.ma\/wp-content\/uploads\/2022\/01\/Ouv-Chery-hybrid--360x214.jpg 360w, https:\/\/www.challenge.ma\/wp-content\/uploads\/2022\/01\/Ouv-Chery-hybrid--750x446.jpg 750w\" sizes=\"auto, (max-width: 1389px) 100vw, 1389px\" itemprop=\"image\">L\u2019industrie automobile mondiale traverse actuellement une importante p\u00e9riode de changement li\u00e9e \u00e0 l\u2019environnement et \u00e0 la mobilit\u00e9 propre. Dans cette optique, l\u2019\u00e9lectrification et l\u2019hybridation constituent des technologies cl\u00e9s pour abaisser, sinon faire chuter drastiquement, les \u00e9missions polluantes et ainsi installer une neutralit\u00e9 carbone. Des technologies pour lesquelles Chery demeure en<\/div>\n<p>Auteur: challenge<br \/>\n<a href=\"https:\/\/www.challenge.ma\/chery-innove-en-matiere-de-technologie-hybride-231723\/\">Cliquez ici pour lire l&rsquo;article depuis sa source.<\/a><\/p>\n","protected":false},"excerpt":{"rendered":"<p>L\u2019industrie automobile mondiale traverse actuellement une importante p\u00e9riode de changement li\u00e9e \u00e0 l\u2019environnement et \u00e0 la mobilit\u00e9 propre. Dans cette optique, l\u2019\u00e9lectrification et l\u2019hybridation constituent des technologies cl\u00e9s pour abaisser, sinon faire chuter drastiquement, les \u00e9missions polluantes et ainsi installer une neutralit\u00e9 carbone. Des technologies pour lesquelles Chery demeure en Auteur: challenge Cliquez ici pour [&hellip;]<\/p>\n","protected":false},"author":1787,"featured_media":0,"comment_status":"closed","ping_status":"closed","sticky":false,"template":"","format":"standard","meta":{"fifu_image_url":"https:\/\/www.challenge.ma\/wp-content\/uploads\/2022\/01\/Ouv-Chery-hybrid-.jpg","fifu_image_alt":"Chery innove en mati\u00e8re de technologie hybride","footnotes":""},"categories":[78,54],"tags":[],"class_list":["post-139887","post","type-post","status-publish","format-standard","hentry","category-economie","category-maroc"],"_links":{"self":[{"href":"https:\/\/linitiative.ca\/International\/wp-json\/wp\/v2\/posts\/139887","targetHints":{"allow":["GET"]}}],"collection":[{"href":"https:\/\/linitiative.ca\/International\/wp-json\/wp\/v2\/posts"}],"about":[{"href":"https:\/\/linitiative.ca\/International\/wp-json\/wp\/v2\/types\/post"}],"author":[{"embeddable":true,"href":"https:\/\/linitiative.ca\/International\/wp-json\/wp\/v2\/users\/1787"}],"replies":[{"embeddable":true,"href":"https:\/\/linitiative.ca\/International\/wp-json\/wp\/v2\/comments?post=139887"}],"version-history":[{"count":0,"href":"https:\/\/linitiative.ca\/International\/wp-json\/wp\/v2\/posts\/139887\/revisions"}],"wp:attachment":[{"href":"https:\/\/linitiative.ca\/International\/wp-json\/wp\/v2\/media?parent=139887"}],"wp:term":[{"taxonomy":"category","embeddable":true,"href":"https:\/\/linitiative.ca\/International\/wp-json\/wp\/v2\/categories?post=139887"},{"taxonomy":"post_tag","embeddable":true,"href":"https:\/\/linitiative.ca\/International\/wp-json\/wp\/v2\/tags?post=139887"}],"curies":[{"name":"wp","href":"https:\/\/api.w.org\/{rel}","templated":true}]}}