{"id":139891,"date":"2022-01-31T11:21:23","date_gmt":"2022-01-31T16:21:23","guid":{"rendered":"https:\/\/linitiative.ca\/International\/dakhla-el-guerguerat-grand-prix-omar-bekkari-le-depart-de-la-2eme-edition-de-ce-rallye-historique-automobile-seffectuera-le-4-fevrier-prochain\/"},"modified":"2022-01-31T11:21:23","modified_gmt":"2022-01-31T16:21:23","slug":"dakhla-el-guerguerat-grand-prix-omar-bekkari-le-depart-de-la-2eme-edition-de-ce-rallye-historique-automobile-seffectuera-le-4-fevrier-prochain","status":"publish","type":"post","link":"https:\/\/linitiative.ca\/International\/dakhla-el-guerguerat-grand-prix-omar-bekkari-le-depart-de-la-2eme-edition-de-ce-rallye-historique-automobile-seffectuera-le-4-fevrier-prochain\/","title":{"rendered":"Dakhla-El Guerguerat Grand Prix Omar Bekkari. Le d\u00e9part de la 2\u00e8me \u00e9dition de ce rallye historique automobile s\u2019effectuera le 4 f\u00e9vrier prochain"},"content":{"rendered":"<div><img decoding=\"async\" width=\"651\" height=\"397\" src=\"https:\/\/linitiative.ca\/International\/wp-content\/uploads\/sites\/23\/2022\/01\/Dakhla-Guerguerat-651-x-397.jpg\" class=\"attachment-post-thumbnail size-post-thumbnail wp-post-image\" alt=\"\" loading=\"lazy\" srcset=\"https:\/\/linitiative.ca\/International\/wp-content\/uploads\/sites\/23\/2022\/01\/Dakhla-Guerguerat-651-x-397.jpg 651w, https:\/\/www.challenge.ma\/wp-content\/uploads\/2022\/01\/Dakhla-Guerguerat-651-x-397-300x183.jpg 300w, https:\/\/www.challenge.ma\/wp-content\/uploads\/2022\/01\/Dakhla-Guerguerat-651-x-397-360x220.jpg 360w\" sizes=\"auto, (max-width: 651px) 100vw, 651px\" itemprop=\"image\">La F\u00e9d\u00e9ration Marocaine des V\u00e9hicules Anciens (FMVA) et ses partenaires organisent du 3 au 6 f\u00e9vrier 2022 la deuxi\u00e8me \u00e9dition du rallye historique Dakhla-El Guerguerat Grand Prix Omar Bekkari\u00bb. Fort du succ\u00e8s de la premi\u00e8re \u00e9dition qui s\u2019\u00e9tait d\u00e9roul\u00e9e du 28 au 31 janvier 2021 et qui avait c\u00e9l\u00e9br\u00e9 la<\/div>\n<p>Auteur: challenge<br \/>\n<a href=\"https:\/\/www.challenge.ma\/dakhla-el-guerguerat-grand-prix-omar-bekkari-le-depart-de-la-2eme-edition-de-ce-rallye-historique-automobile-seffectuera-le-4-fevrier-prochain-231737\/\">Cliquez ici pour lire l&rsquo;article depuis sa source.<\/a><\/p>\n","protected":false},"excerpt":{"rendered":"<p>La F\u00e9d\u00e9ration Marocaine des V\u00e9hicules Anciens (FMVA) et ses partenaires organisent du 3 au 6 f\u00e9vrier 2022 la deuxi\u00e8me \u00e9dition du rallye historique Dakhla-El Guerguerat Grand Prix Omar Bekkari\u00bb. Fort du succ\u00e8s de la premi\u00e8re \u00e9dition qui s\u2019\u00e9tait d\u00e9roul\u00e9e du 28 au 31 janvier 2021 et qui avait c\u00e9l\u00e9br\u00e9 la Auteur: challenge Cliquez ici pour [&hellip;]<\/p>\n","protected":false},"author":1787,"featured_media":0,"comment_status":"closed","ping_status":"closed","sticky":false,"template":"","format":"standard","meta":{"fifu_image_url":"https:\/\/www.challenge.ma\/wp-content\/uploads\/2022\/01\/Dakhla-Guerguerat-651-x-397.jpg","fifu_image_alt":"Dakhla-El Guerguerat Grand Prix Omar Bekkari. Le d\u00e9part de la 2\u00e8me \u00e9dition de ce rallye historique automobile s\u2019effectuera le 4 f\u00e9vrier prochain","footnotes":""},"categories":[78,54],"tags":[],"class_list":["post-139891","post","type-post","status-publish","format-standard","hentry","category-economie","category-maroc"],"_links":{"self":[{"href":"https:\/\/linitiative.ca\/International\/wp-json\/wp\/v2\/posts\/139891","targetHints":{"allow":["GET"]}}],"collection":[{"href":"https:\/\/linitiative.ca\/International\/wp-json\/wp\/v2\/posts"}],"about":[{"href":"https:\/\/linitiative.ca\/International\/wp-json\/wp\/v2\/types\/post"}],"author":[{"embeddable":true,"href":"https:\/\/linitiative.ca\/International\/wp-json\/wp\/v2\/users\/1787"}],"replies":[{"embeddable":true,"href":"https:\/\/linitiative.ca\/International\/wp-json\/wp\/v2\/comments?post=139891"}],"version-history":[{"count":0,"href":"https:\/\/linitiative.ca\/International\/wp-json\/wp\/v2\/posts\/139891\/revisions"}],"wp:attachment":[{"href":"https:\/\/linitiative.ca\/International\/wp-json\/wp\/v2\/media?parent=139891"}],"wp:term":[{"taxonomy":"category","embeddable":true,"href":"https:\/\/linitiative.ca\/International\/wp-json\/wp\/v2\/categories?post=139891"},{"taxonomy":"post_tag","embeddable":true,"href":"https:\/\/linitiative.ca\/International\/wp-json\/wp\/v2\/tags?post=139891"}],"curies":[{"name":"wp","href":"https:\/\/api.w.org\/{rel}","templated":true}]}}