{"id":139893,"date":"2022-01-31T13:59:19","date_gmt":"2022-01-31T18:59:19","guid":{"rendered":"https:\/\/linitiative.ca\/International\/maroc-lagence-francaise-de-developpement-celebre-ses-30-ans\/"},"modified":"2022-01-31T13:59:19","modified_gmt":"2022-01-31T18:59:19","slug":"maroc-lagence-francaise-de-developpement-celebre-ses-30-ans","status":"publish","type":"post","link":"https:\/\/linitiative.ca\/International\/maroc-lagence-francaise-de-developpement-celebre-ses-30-ans\/","title":{"rendered":"Maroc. L\u2019Agence Fran\u00e7aise de D\u00e9veloppement c\u00e9l\u00e8bre ses 30 ans"},"content":{"rendered":"<div><img decoding=\"async\" width=\"600\" height=\"400\" src=\"https:\/\/linitiative.ca\/International\/wp-content\/uploads\/sites\/23\/2022\/01\/photo-Mihoub-MEZOUAGHI-AFD-600-x-400.jpg\" class=\"attachment-post-thumbnail size-post-thumbnail wp-post-image\" alt=\"\" loading=\"lazy\" srcset=\"https:\/\/linitiative.ca\/International\/wp-content\/uploads\/sites\/23\/2022\/01\/photo-Mihoub-MEZOUAGHI-AFD-600-x-400.jpg 600w, https:\/\/www.challenge.ma\/wp-content\/uploads\/2022\/01\/photo-Mihoub-MEZOUAGHI-AFD-600-x-400-300x200.jpg 300w, https:\/\/www.challenge.ma\/wp-content\/uploads\/2022\/01\/photo-Mihoub-MEZOUAGHI-AFD-600-x-400-360x240.jpg 360w\" sizes=\"auto, (max-width: 600px) 100vw, 600px\" itemprop=\"image\">Dans le cadre de la c\u00e9l\u00e9bration des 30 ans de l\u2019Agence Fran\u00e7aise de D\u00e9veloppement (AFD) dans le Royaume, Mihoub Mezouaghi, Directeur de l\u2019AFD au Maroc a d\u00e9voil\u00e9 ce 31 janvier 2022 le bilan 2021 des activit\u00e9s de l\u2019Agence. Il n\u2019a pas manqu\u00e9 de rappeler quelors d\u2019une rencontre entre le Maroc<\/div>\n<p>Auteur: challenge<br \/>\n<a href=\"https:\/\/www.challenge.ma\/maroc-lagence-francaise-de-developpement-celebre-ses-30-ans-231757\/\">Cliquez ici pour lire l&rsquo;article depuis sa source.<\/a><\/p>\n","protected":false},"excerpt":{"rendered":"<p>Dans le cadre de la c\u00e9l\u00e9bration des 30 ans de l\u2019Agence Fran\u00e7aise de D\u00e9veloppement (AFD) dans le Royaume, Mihoub Mezouaghi, Directeur de l\u2019AFD au Maroc a d\u00e9voil\u00e9 ce 31 janvier 2022 le bilan 2021 des activit\u00e9s de l\u2019Agence. Il n\u2019a pas manqu\u00e9 de rappeler quelors d\u2019une rencontre entre le Maroc Auteur: challenge Cliquez ici pour [&hellip;]<\/p>\n","protected":false},"author":1787,"featured_media":0,"comment_status":"closed","ping_status":"closed","sticky":false,"template":"","format":"standard","meta":{"fifu_image_url":"https:\/\/www.challenge.ma\/wp-content\/uploads\/2022\/01\/photo-Mihoub-MEZOUAGHI-AFD-600-x-400.jpg","fifu_image_alt":"Maroc. L\u2019Agence Fran\u00e7aise de D\u00e9veloppement c\u00e9l\u00e8bre ses 30 ans","footnotes":""},"categories":[78,54],"tags":[],"class_list":["post-139893","post","type-post","status-publish","format-standard","hentry","category-economie","category-maroc"],"_links":{"self":[{"href":"https:\/\/linitiative.ca\/International\/wp-json\/wp\/v2\/posts\/139893","targetHints":{"allow":["GET"]}}],"collection":[{"href":"https:\/\/linitiative.ca\/International\/wp-json\/wp\/v2\/posts"}],"about":[{"href":"https:\/\/linitiative.ca\/International\/wp-json\/wp\/v2\/types\/post"}],"author":[{"embeddable":true,"href":"https:\/\/linitiative.ca\/International\/wp-json\/wp\/v2\/users\/1787"}],"replies":[{"embeddable":true,"href":"https:\/\/linitiative.ca\/International\/wp-json\/wp\/v2\/comments?post=139893"}],"version-history":[{"count":0,"href":"https:\/\/linitiative.ca\/International\/wp-json\/wp\/v2\/posts\/139893\/revisions"}],"wp:attachment":[{"href":"https:\/\/linitiative.ca\/International\/wp-json\/wp\/v2\/media?parent=139893"}],"wp:term":[{"taxonomy":"category","embeddable":true,"href":"https:\/\/linitiative.ca\/International\/wp-json\/wp\/v2\/categories?post=139893"},{"taxonomy":"post_tag","embeddable":true,"href":"https:\/\/linitiative.ca\/International\/wp-json\/wp\/v2\/tags?post=139893"}],"curies":[{"name":"wp","href":"https:\/\/api.w.org\/{rel}","templated":true}]}}