{"id":139895,"date":"2022-01-31T15:06:02","date_gmt":"2022-01-31T20:06:02","guid":{"rendered":"https:\/\/linitiative.ca\/International\/cour-des-comptes-le-renouvellement-des-declarations-de-patrimoine-debute-le-1er-fevrier\/"},"modified":"2022-01-31T15:06:02","modified_gmt":"2022-01-31T20:06:02","slug":"cour-des-comptes-le-renouvellement-des-declarations-de-patrimoine-debute-le-1er-fevrier","status":"publish","type":"post","link":"https:\/\/linitiative.ca\/International\/cour-des-comptes-le-renouvellement-des-declarations-de-patrimoine-debute-le-1er-fevrier\/","title":{"rendered":"Cour des comptes. Le renouvellement des d\u00e9clarations de patrimoine d\u00e9bute le 1er f\u00e9vrier"},"content":{"rendered":"<div><img decoding=\"async\" width=\"649\" height=\"363\" src=\"https:\/\/linitiative.ca\/International\/wp-content\/uploads\/sites\/23\/2022\/01\/Zineb-EL-Adaoui-1-1.jpeg\" class=\"attachment-post-thumbnail size-post-thumbnail wp-post-image\" alt=\"\" loading=\"lazy\" srcset=\"https:\/\/linitiative.ca\/International\/wp-content\/uploads\/sites\/23\/2022\/01\/Zineb-EL-Adaoui-1-1.jpeg 649w, https:\/\/www.challenge.ma\/wp-content\/uploads\/2022\/01\/Zineb-EL-Adaoui-1-1-300x168.jpeg 300w, https:\/\/www.challenge.ma\/wp-content\/uploads\/2022\/01\/Zineb-EL-Adaoui-1-1-360x201.jpeg 360w\" sizes=\"auto, (max-width: 649px) 100vw, 649px\" itemprop=\"image\">L\u2019op\u00e9ration de renouvellement des d\u00e9clarations de patrimoine, exigible tous les trois ans pour les fonctionnaires de l\u2019Etat, les \u00e9tablissements publics et les collectivit\u00e9s territoriales, d\u00e9bute le 1er f\u00e9vrier 2022. Une op\u00e9ration qui se poursuivra tout au long de ce mois selon la Cour des comptes. Elle intervient conform\u00e9ment \u00e0 l\u2019article<\/div>\n<p>Auteur: challenge<br \/>\n<a href=\"https:\/\/www.challenge.ma\/cour-des-comptes-le-renouvellement-des-declarations-de-patrimoine-debute-le-1er-fevrier-231770\/\">Cliquez ici pour lire l&rsquo;article depuis sa source.<\/a><\/p>\n","protected":false},"excerpt":{"rendered":"<p>L\u2019op\u00e9ration de renouvellement des d\u00e9clarations de patrimoine, exigible tous les trois ans pour les fonctionnaires de l\u2019Etat, les \u00e9tablissements publics et les collectivit\u00e9s territoriales, d\u00e9bute le 1er f\u00e9vrier 2022. Une op\u00e9ration qui se poursuivra tout au long de ce mois selon la Cour des comptes. Elle intervient conform\u00e9ment \u00e0 l\u2019article Auteur: challenge Cliquez ici pour [&hellip;]<\/p>\n","protected":false},"author":1787,"featured_media":0,"comment_status":"closed","ping_status":"closed","sticky":false,"template":"","format":"standard","meta":{"fifu_image_url":"https:\/\/www.challenge.ma\/wp-content\/uploads\/2022\/01\/Zineb-EL-Adaoui-1-1.jpeg","fifu_image_alt":"Cour des comptes. Le renouvellement des d\u00e9clarations de patrimoine d\u00e9bute le 1er f\u00e9vrier","footnotes":""},"categories":[78,54],"tags":[],"class_list":["post-139895","post","type-post","status-publish","format-standard","hentry","category-economie","category-maroc"],"_links":{"self":[{"href":"https:\/\/linitiative.ca\/International\/wp-json\/wp\/v2\/posts\/139895","targetHints":{"allow":["GET"]}}],"collection":[{"href":"https:\/\/linitiative.ca\/International\/wp-json\/wp\/v2\/posts"}],"about":[{"href":"https:\/\/linitiative.ca\/International\/wp-json\/wp\/v2\/types\/post"}],"author":[{"embeddable":true,"href":"https:\/\/linitiative.ca\/International\/wp-json\/wp\/v2\/users\/1787"}],"replies":[{"embeddable":true,"href":"https:\/\/linitiative.ca\/International\/wp-json\/wp\/v2\/comments?post=139895"}],"version-history":[{"count":0,"href":"https:\/\/linitiative.ca\/International\/wp-json\/wp\/v2\/posts\/139895\/revisions"}],"wp:attachment":[{"href":"https:\/\/linitiative.ca\/International\/wp-json\/wp\/v2\/media?parent=139895"}],"wp:term":[{"taxonomy":"category","embeddable":true,"href":"https:\/\/linitiative.ca\/International\/wp-json\/wp\/v2\/categories?post=139895"},{"taxonomy":"post_tag","embeddable":true,"href":"https:\/\/linitiative.ca\/International\/wp-json\/wp\/v2\/tags?post=139895"}],"curies":[{"name":"wp","href":"https:\/\/api.w.org\/{rel}","templated":true}]}}