{"id":139899,"date":"2022-01-31T16:02:39","date_gmt":"2022-01-31T21:02:39","guid":{"rendered":"https:\/\/linitiative.ca\/International\/tunisie-la-reprise-des-croisieres-au-coeur-dune-seance-de-travail-au-ministere-du-tourisme\/"},"modified":"2022-01-31T16:02:39","modified_gmt":"2022-01-31T21:02:39","slug":"tunisie-la-reprise-des-croisieres-au-coeur-dune-seance-de-travail-au-ministere-du-tourisme","status":"publish","type":"post","link":"https:\/\/linitiative.ca\/International\/tunisie-la-reprise-des-croisieres-au-coeur-dune-seance-de-travail-au-ministere-du-tourisme\/","title":{"rendered":"Tunisie : La reprise des croisi\u00e8res, au c\u0153ur d\u2019une s\u00e9ance de travail au minist\u00e8re du Tourisme"},"content":{"rendered":"<div>\n<p>Les questions de la reprise des croisi\u00e8res vers la Tunisie et des meilleurs moyens de pr\u00e9parer ce retour, ont \u00e9t\u00e9 au c\u0153ur d\u2019une s\u00e9ance de travail supervis\u00e9e par le ministre du Tourisme, Mohamed Moez Belhassine aujourd\u2019hui, lundi 31 janvier 2022, en pr\u00e9sence du Pr\u00e9sident de la Chambre Syndicale Nationale des Transports Touristiques, Slim Ben Jaballah, [\u2026]<\/p>\n<p>L\u2019article <a href=\"https:\/\/www.tunisienumerique.com\/tunisie-la-reprise-des-croisieres-au-coeur-dune-seance-de-travail-au-ministere-du-tourisme\/\">Tunisie : La reprise des croisi\u00e8res, au c\u0153ur d\u2019une s\u00e9ance de travail au minist\u00e8re du Tourisme<\/a> est apparu en premier sur <a href=\"https:\/\/www.tunisienumerique.com\/\">Tunisie<\/a>.<\/p>\n<\/div>\n<p>Auteur: rania ben slimane<br \/>\n<a href=\"https:\/\/www.tunisienumerique.com\/tunisie-la-reprise-des-croisieres-au-coeur-dune-seance-de-travail-au-ministere-du-tourisme\/\">Cliquez ici pour lire l&rsquo;article depuis sa source.<\/a><\/p>\n","protected":false},"excerpt":{"rendered":"<p>Les questions de la reprise des croisi\u00e8res vers la Tunisie et des meilleurs moyens de pr\u00e9parer ce retour, ont \u00e9t\u00e9 au c\u0153ur d\u2019une s\u00e9ance de travail supervis\u00e9e par le ministre du Tourisme, Mohamed Moez Belhassine aujourd\u2019hui, lundi 31 janvier 2022, en pr\u00e9sence du Pr\u00e9sident de la Chambre Syndicale Nationale des Transports Touristiques, Slim Ben Jaballah, [&hellip;]<\/p>\n","protected":false},"author":1789,"featured_media":0,"comment_status":"closed","ping_status":"closed","sticky":false,"template":"","format":"standard","meta":{"fifu_image_url":"","fifu_image_alt":"","footnotes":""},"categories":[73,55],"tags":[],"class_list":["post-139899","post","type-post","status-publish","format-standard","hentry","category-actualite","category-tunisie"],"_links":{"self":[{"href":"https:\/\/linitiative.ca\/International\/wp-json\/wp\/v2\/posts\/139899","targetHints":{"allow":["GET"]}}],"collection":[{"href":"https:\/\/linitiative.ca\/International\/wp-json\/wp\/v2\/posts"}],"about":[{"href":"https:\/\/linitiative.ca\/International\/wp-json\/wp\/v2\/types\/post"}],"author":[{"embeddable":true,"href":"https:\/\/linitiative.ca\/International\/wp-json\/wp\/v2\/users\/1789"}],"replies":[{"embeddable":true,"href":"https:\/\/linitiative.ca\/International\/wp-json\/wp\/v2\/comments?post=139899"}],"version-history":[{"count":0,"href":"https:\/\/linitiative.ca\/International\/wp-json\/wp\/v2\/posts\/139899\/revisions"}],"wp:attachment":[{"href":"https:\/\/linitiative.ca\/International\/wp-json\/wp\/v2\/media?parent=139899"}],"wp:term":[{"taxonomy":"category","embeddable":true,"href":"https:\/\/linitiative.ca\/International\/wp-json\/wp\/v2\/categories?post=139899"},{"taxonomy":"post_tag","embeddable":true,"href":"https:\/\/linitiative.ca\/International\/wp-json\/wp\/v2\/tags?post=139899"}],"curies":[{"name":"wp","href":"https:\/\/api.w.org\/{rel}","templated":true}]}}