{"id":139901,"date":"2022-01-31T16:55:44","date_gmt":"2022-01-31T21:55:44","guid":{"rendered":"https:\/\/linitiative.ca\/International\/officiel-a-partir-de-minuit-ce-soir-augmentation-des-prix-de-certains-produits-petroliers\/"},"modified":"2022-01-31T16:55:44","modified_gmt":"2022-01-31T21:55:44","slug":"officiel-a-partir-de-minuit-ce-soir-augmentation-des-prix-de-certains-produits-petroliers","status":"publish","type":"post","link":"https:\/\/linitiative.ca\/International\/officiel-a-partir-de-minuit-ce-soir-augmentation-des-prix-de-certains-produits-petroliers\/","title":{"rendered":"Officiel: A partir de minuit ce soir, augmentation des prix de certains produits p\u00e9troliers"},"content":{"rendered":"<div>\n<p>Conform\u00e9ment au programme d\u2019ajustement des prix des produits p\u00e9troliers approuv\u00e9 dans le cadre du budget de 2022, le minist\u00e8re de l\u2019Industrie, de l\u2019\u00c9nergie et des Mines et le minist\u00e8re du Commerce et du D\u00e9veloppement des Exportations ont annonc\u00e9 dans un communiqu\u00e9 conjoint publi\u00e9 ce soir 31 janvier 2022, l\u2019augmentation des prix de vente au public [\u2026]<\/p>\n<p>L\u2019article <a href=\"https:\/\/www.tunisienumerique.com\/officiel-a-partir-de-minuit-ce-soir-augmentation-des-prix-de-certains-produits-petroliers\/\">Officiel: A partir de minuit ce soir, augmentation des prix de certains produits p\u00e9troliers<\/a> est apparu en premier sur <a href=\"https:\/\/www.tunisienumerique.com\/\">Tunisie<\/a>.<\/p>\n<\/div>\n<p>Auteur: rania ben slimane<br \/>\n<a href=\"https:\/\/www.tunisienumerique.com\/officiel-a-partir-de-minuit-ce-soir-augmentation-des-prix-de-certains-produits-petroliers\/\">Cliquez ici pour lire l&rsquo;article depuis sa source.<\/a><\/p>\n","protected":false},"excerpt":{"rendered":"<p>Conform\u00e9ment au programme d\u2019ajustement des prix des produits p\u00e9troliers approuv\u00e9 dans le cadre du budget de 2022, le minist\u00e8re de l\u2019Industrie, de l\u2019\u00c9nergie et des Mines et le minist\u00e8re du Commerce et du D\u00e9veloppement des Exportations ont annonc\u00e9 dans un communiqu\u00e9 conjoint publi\u00e9 ce soir 31 janvier 2022, l\u2019augmentation des prix de vente au public [&hellip;]<\/p>\n","protected":false},"author":1789,"featured_media":0,"comment_status":"closed","ping_status":"closed","sticky":false,"template":"","format":"standard","meta":{"fifu_image_url":"","fifu_image_alt":"","footnotes":""},"categories":[73,55],"tags":[],"class_list":["post-139901","post","type-post","status-publish","format-standard","hentry","category-actualite","category-tunisie"],"_links":{"self":[{"href":"https:\/\/linitiative.ca\/International\/wp-json\/wp\/v2\/posts\/139901","targetHints":{"allow":["GET"]}}],"collection":[{"href":"https:\/\/linitiative.ca\/International\/wp-json\/wp\/v2\/posts"}],"about":[{"href":"https:\/\/linitiative.ca\/International\/wp-json\/wp\/v2\/types\/post"}],"author":[{"embeddable":true,"href":"https:\/\/linitiative.ca\/International\/wp-json\/wp\/v2\/users\/1789"}],"replies":[{"embeddable":true,"href":"https:\/\/linitiative.ca\/International\/wp-json\/wp\/v2\/comments?post=139901"}],"version-history":[{"count":0,"href":"https:\/\/linitiative.ca\/International\/wp-json\/wp\/v2\/posts\/139901\/revisions"}],"wp:attachment":[{"href":"https:\/\/linitiative.ca\/International\/wp-json\/wp\/v2\/media?parent=139901"}],"wp:term":[{"taxonomy":"category","embeddable":true,"href":"https:\/\/linitiative.ca\/International\/wp-json\/wp\/v2\/categories?post=139901"},{"taxonomy":"post_tag","embeddable":true,"href":"https:\/\/linitiative.ca\/International\/wp-json\/wp\/v2\/tags?post=139901"}],"curies":[{"name":"wp","href":"https:\/\/api.w.org\/{rel}","templated":true}]}}