{"id":139902,"date":"2022-01-31T13:54:44","date_gmt":"2022-01-31T18:54:44","guid":{"rendered":"https:\/\/linitiative.ca\/International\/mission-devaluation-cedeao-onu-a-ouaga-la-junte-saura-t-elle-eviter-au-burkina-dautres-sanctions\/"},"modified":"2022-01-31T13:54:44","modified_gmt":"2022-01-31T18:54:44","slug":"mission-devaluation-cedeao-onu-a-ouaga-la-junte-saura-t-elle-eviter-au-burkina-dautres-sanctions","status":"publish","type":"post","link":"https:\/\/linitiative.ca\/International\/mission-devaluation-cedeao-onu-a-ouaga-la-junte-saura-t-elle-eviter-au-burkina-dautres-sanctions\/","title":{"rendered":"MISSION D\u2019EVALUATION CEDEAO\/ONU A OUAGA :La junte saura-t-elle \u00e9viter au Burkina d\u2019autres sanctions\u00a0?  \u00a0"},"content":{"rendered":"<div>\n<p><img decoding=\"async\" width=\"275\" height=\"183\" src=\"https:\/\/linitiative.ca\/International\/wp-content\/uploads\/sites\/23\/2022\/01\/index-10.jpg\" class=\"attachment- size- wp-post-image\" alt=\"\" loading=\"lazy\" style=\"float:left; margin:0 15px 15px 0;\">A la suite de la d\u00e9l\u00e9gation de chefs d\u2019\u00e9tat-major de la Communaut\u00e9 \u00e9conomique des Etats de l\u2019Afrique de l\u2019ouest (CEDEAO) qui \u00e9tait \u00e0 Ouagadougou en fin de semaine derni\u00e8re, une d\u00e9l\u00e9gation minist\u00e9rielle CEDEAO\/ONU a fait, le 31 janvier dernier, le d\u00e9placement de la capitale burkinab\u00e8 pour \u00e9valuer la situation politique du pays au lendemain du \u2026<\/p>\n<p>L\u2019article <a rel=\"nofollow\" href=\"https:\/\/lepays.bf\/mission-devaluation-cedeao-onu-a-ouaga-la-junte-saura-t-elle-eviter-au-burkina-dautres-sanctions\/\">MISSION D\u2019EVALUATION CEDEAO\/ONU A OUAGA :La junte saura-t-elle \u00e9viter au Burkina d\u2019autres sanctions\u00a0?  \u00a0<\/a> est apparu en premier sur <a rel=\"nofollow\" href=\"https:\/\/lepays.bf\/\">Editions Le Pays<\/a>.<\/p>\n<\/div>\n<p>Auteur: Editions LEPAYS<br \/>\n<a href=\"https:\/\/lepays.bf\/mission-devaluation-cedeao-onu-a-ouaga-la-junte-saura-t-elle-eviter-au-burkina-dautres-sanctions\/\">Cliquez ici pour lire l&rsquo;article depuis sa source.<\/a><\/p>\n","protected":false},"excerpt":{"rendered":"<p>A la suite de la d\u00e9l\u00e9gation de chefs d\u2019\u00e9tat-major de la Communaut\u00e9 \u00e9conomique des Etats de l\u2019Afrique de l\u2019ouest (CEDEAO) qui \u00e9tait \u00e0 Ouagadougou en fin de semaine derni\u00e8re, une d\u00e9l\u00e9gation minist\u00e9rielle CEDEAO\/ONU a fait, le 31 janvier dernier, le d\u00e9placement de la capitale burkinab\u00e8 pour \u00e9valuer la situation politique du pays au lendemain du [&hellip;]<\/p>\n","protected":false},"author":1813,"featured_media":0,"comment_status":"closed","ping_status":"closed","sticky":false,"template":"","format":"standard","meta":{"fifu_image_url":"https:\/\/lepays.bf\/wp-content\/uploads\/2022\/01\/index-10.jpg","fifu_image_alt":"MISSION D\u2019EVALUATION CEDEAO\/ONU A OUAGA :La junte saura-t-elle \u00e9viter au Burkina d\u2019autres sanctions\u00a0?  \u00a0","footnotes":""},"categories":[73,81],"tags":[],"class_list":["post-139902","post","type-post","status-publish","format-standard","hentry","category-actualite","category-burkina-faso"],"_links":{"self":[{"href":"https:\/\/linitiative.ca\/International\/wp-json\/wp\/v2\/posts\/139902","targetHints":{"allow":["GET"]}}],"collection":[{"href":"https:\/\/linitiative.ca\/International\/wp-json\/wp\/v2\/posts"}],"about":[{"href":"https:\/\/linitiative.ca\/International\/wp-json\/wp\/v2\/types\/post"}],"author":[{"embeddable":true,"href":"https:\/\/linitiative.ca\/International\/wp-json\/wp\/v2\/users\/1813"}],"replies":[{"embeddable":true,"href":"https:\/\/linitiative.ca\/International\/wp-json\/wp\/v2\/comments?post=139902"}],"version-history":[{"count":0,"href":"https:\/\/linitiative.ca\/International\/wp-json\/wp\/v2\/posts\/139902\/revisions"}],"wp:attachment":[{"href":"https:\/\/linitiative.ca\/International\/wp-json\/wp\/v2\/media?parent=139902"}],"wp:term":[{"taxonomy":"category","embeddable":true,"href":"https:\/\/linitiative.ca\/International\/wp-json\/wp\/v2\/categories?post=139902"},{"taxonomy":"post_tag","embeddable":true,"href":"https:\/\/linitiative.ca\/International\/wp-json\/wp\/v2\/tags?post=139902"}],"curies":[{"name":"wp","href":"https:\/\/api.w.org\/{rel}","templated":true}]}}