{"id":139904,"date":"2022-01-31T13:59:18","date_gmt":"2022-01-31T18:59:18","guid":{"rendered":"https:\/\/linitiative.ca\/International\/tensions-entre-bamako-et-paris-un-nouveau-palier-vient-detre-franchi\/"},"modified":"2022-01-31T13:59:18","modified_gmt":"2022-01-31T18:59:18","slug":"tensions-entre-bamako-et-paris-un-nouveau-palier-vient-detre-franchi","status":"publish","type":"post","link":"https:\/\/linitiative.ca\/International\/tensions-entre-bamako-et-paris-un-nouveau-palier-vient-detre-franchi\/","title":{"rendered":"TENSIONS ENTRE BAMAKO ET PARIS : Un nouveau palier vient d\u2019\u00eatre franchi"},"content":{"rendered":"<div>\n<p><img decoding=\"async\" width=\"318\" height=\"159\" src=\"https:\/\/linitiative.ca\/International\/wp-content\/uploads\/sites\/23\/2022\/01\/B.jpg\" class=\"attachment- size- wp-post-image\" alt=\"\" loading=\"lazy\" style=\"float:left; margin:0 15px 15px 0;\" srcset=\"https:\/\/linitiative.ca\/International\/wp-content\/uploads\/sites\/23\/2022\/01\/B.jpg 318w, https:\/\/lepays.bf\/wp-content\/uploads\/2022\/01\/B-300x150.jpg 300w\" sizes=\"auto, (max-width: 318px) 100vw, 318px\">La brouille diplomatique entre Bamako et Paris vient de franchir un nouveau palier. C\u2019est le moins que l\u2019on puisse dire. En effet, l\u2019ambassadeur de France au Mali, Jo\u00ebl Mayer, convoqu\u00e9, le 31 janvier dernier, par le minist\u00e8re malien des Affaires \u00e9trang\u00e8res, a \u00e9t\u00e9 somm\u00e9 de quitter le pays dans les 72 heures qui suivent. Cela \u2026<\/p>\n<p>L\u2019article <a rel=\"nofollow\" href=\"https:\/\/lepays.bf\/tensions-entre-bamako-et-paris-un-nouveau-palier-vient-detre-franchi\/\">TENSIONS ENTRE BAMAKO ET PARIS : Un nouveau palier vient d\u2019\u00eatre franchi<\/a> est apparu en premier sur <a rel=\"nofollow\" href=\"https:\/\/lepays.bf\/\">Editions Le Pays<\/a>.<\/p>\n<\/div>\n<p>Auteur: Editions LEPAYS<br \/>\n<a href=\"https:\/\/lepays.bf\/tensions-entre-bamako-et-paris-un-nouveau-palier-vient-detre-franchi\/\">Cliquez ici pour lire l&rsquo;article depuis sa source.<\/a><\/p>\n","protected":false},"excerpt":{"rendered":"<p>La brouille diplomatique entre Bamako et Paris vient de franchir un nouveau palier. C\u2019est le moins que l\u2019on puisse dire. En effet, l\u2019ambassadeur de France au Mali, Jo\u00ebl Mayer, convoqu\u00e9, le 31 janvier dernier, par le minist\u00e8re malien des Affaires \u00e9trang\u00e8res, a \u00e9t\u00e9 somm\u00e9 de quitter le pays dans les 72 heures qui suivent. Cela [&hellip;]<\/p>\n","protected":false},"author":1813,"featured_media":0,"comment_status":"closed","ping_status":"closed","sticky":false,"template":"","format":"standard","meta":{"fifu_image_url":"https:\/\/lepays.bf\/wp-content\/uploads\/2022\/01\/B.jpg","fifu_image_alt":"TENSIONS ENTRE BAMAKO ET PARIS : Un nouveau palier vient d\u2019\u00eatre franchi","footnotes":""},"categories":[73,81],"tags":[],"class_list":["post-139904","post","type-post","status-publish","format-standard","hentry","category-actualite","category-burkina-faso"],"_links":{"self":[{"href":"https:\/\/linitiative.ca\/International\/wp-json\/wp\/v2\/posts\/139904","targetHints":{"allow":["GET"]}}],"collection":[{"href":"https:\/\/linitiative.ca\/International\/wp-json\/wp\/v2\/posts"}],"about":[{"href":"https:\/\/linitiative.ca\/International\/wp-json\/wp\/v2\/types\/post"}],"author":[{"embeddable":true,"href":"https:\/\/linitiative.ca\/International\/wp-json\/wp\/v2\/users\/1813"}],"replies":[{"embeddable":true,"href":"https:\/\/linitiative.ca\/International\/wp-json\/wp\/v2\/comments?post=139904"}],"version-history":[{"count":0,"href":"https:\/\/linitiative.ca\/International\/wp-json\/wp\/v2\/posts\/139904\/revisions"}],"wp:attachment":[{"href":"https:\/\/linitiative.ca\/International\/wp-json\/wp\/v2\/media?parent=139904"}],"wp:term":[{"taxonomy":"category","embeddable":true,"href":"https:\/\/linitiative.ca\/International\/wp-json\/wp\/v2\/categories?post=139904"},{"taxonomy":"post_tag","embeddable":true,"href":"https:\/\/linitiative.ca\/International\/wp-json\/wp\/v2\/tags?post=139904"}],"curies":[{"name":"wp","href":"https:\/\/api.w.org\/{rel}","templated":true}]}}