{"id":139909,"date":"2022-01-31T17:02:05","date_gmt":"2022-01-31T22:02:05","guid":{"rendered":"https:\/\/linitiative.ca\/International\/aboubacar-dango-ouattara-etalon-nous-avons-un-bon-etat-desprit\/"},"modified":"2022-01-31T17:02:05","modified_gmt":"2022-01-31T22:02:05","slug":"aboubacar-dango-ouattara-etalon-nous-avons-un-bon-etat-desprit","status":"publish","type":"post","link":"https:\/\/linitiative.ca\/International\/aboubacar-dango-ouattara-etalon-nous-avons-un-bon-etat-desprit\/","title":{"rendered":"Aboubacar Dango Ouattara (Etalon)  :\u00ab Nous avons un bon \u00e9tat d\u2019esprit \u00bb"},"content":{"rendered":"<div>\n<p><strong>Il est le dernier arriv\u00e9 dans l\u2019\u00e9curie des Etalons pour la 33e \u00e9dition de la Coupe d\u2019Afrique des Nations. Soci\u00e9taire de la formation de niveau 1 fran\u00e7ais de Lorient, Aboubacar Dango Ouattara a s\u00e9duit plus d\u2019un lors de ses derni\u00e8res prestations en club avant de rejoindre l\u2019\u00e9quipe nationale. Est-ce pour cela qu\u2019il a \u00e9t\u00e9 s\u00e9lectionn\u00e9 ? Comment a-t-il trouv\u00e9 les Etalons et la comp\u00e9tition ? Ce sont entre autres questions auxquelles le jeune attaquant de 19 ans a r\u00e9pondu.<\/strong><\/p>\n<p>Comment se porte Dango? Je me porte assez bien. La forme y est et je suis tr\u00e8s content d\u2019\u00eatre avec l\u2019\u00e9quipe nationale pour la CAN. Comment expliques-tu ton regain de forme en club si l\u2019on sait que rempla\u00e7ant en d\u00e9but de saison, tu as conquis une place de titulaire avant de rejoindre l\u2019\u00e9quipe nationale pour la CAN? Il y a rien de secret.<\/p>\n<p>En toute chose, il faut le travail, la pers\u00e9v\u00e9rance, la discipline et la confiance en soi. Une fois que ces conditions sont r\u00e9unies, tout devient naturel. Ceci pourrait expliquer cela. Ton absence \u00e0 cause de la CAN ne peut-il pas te co\u00fbter ta place en club? (Rire). Non, mon club me fait confiance. Il sait que je travaille pour cela. Selon toi, est-ce \u00e0 cause de tes derni\u00e8res prestations convaincantes en club qui sont les raisons de ta s\u00e9lection pour la CAN? Je suis mal plac\u00e9 pour r\u00e9pondre \u00e0 cette question.<\/p>\n<p>Je dirai simplement que c\u2019est le choix du coach. Il m\u2019a fait confiance comme les autres joueurs s\u00e9lectionn\u00e9s. Comment s\u2019est pass\u00e9e ton int\u00e9gration chez les Etalons ? Je n\u2019ai pas connu un probl\u00e8me d\u2019int\u00e9gration. Elle a \u00e9t\u00e9 vite et bien faite. L\u2019\u00e9quipe nationale est comme une famille. Je me suis vite consid\u00e9r\u00e9 comme un membre. Comment as-tu trouv\u00e9 le groupe Etalons ? J\u2019ai trouv\u00e9 un bon groupe avec un bon \u00e9tat d\u2019esprit.<\/p>\n<p>Tu arrives \u00e0 la CAN et tu es contr\u00f4l\u00e9 positif pour les deux premiers matchs. Comment as-tu v\u00e9cu cette situation ? Ce fut difficile, mais, je me suis dit que cela fait aussi partie de l\u2019apprentissage et que c\u2019\u00e9tait \u00e0 moi de faire de mon mieux pour rejoindre au plus vite le groupe. En entrant face \u00e0 l\u2019Ethiopie pour ta premi\u00e8re apparition \u00e0 cette CAN, qu\u2019est-ce que tu t\u2019es dit ? Je me suis dit que c\u2019\u00e9tait ma chance de montrer ce que je vaux et aider l\u2019\u00e9quipe \u00e0 obtenir la qualification.<\/p>\n<p>Tu enchaines cette fois avec une place de titulaire face au Gabon. Comment as-tu trouv\u00e9 ton match ce jour-l\u00e0? C\u2019\u00e9tait un match solide collectivement et individuellement. L\u2019essentiel a \u00e9t\u00e9 fait, m\u00eame s\u2019il y avait plein d\u2019\u00e9motions avec le suspense jusqu\u2019au bout. Je pense aussi avoir apport\u00e9 ma touche. Es-tu d\u2019avis avec ceux qui pensent que le probl\u00e8me des Etalons est son attaque qui n\u2019arrive pas \u00e0 concr\u00e9tiser ses nombreuses actions qu\u2019ils se cr\u00e9ent ? Chaque \u00e9quipe a ses d\u00e9fauts.<\/p>\n<p>Il faut seulement continuer \u00e0 travailler et rester solide sur tous les plans. Quelles sont les qualit\u00e9s de Dango? J\u2019excelle dans la percussion. La combativit\u00e9 aussi. Dans quel domaine penses-tu que tu dois encore travailler pour te parfaire? Je dirai dans la finition. Je dois encore travailler pour \u00eatre beaucoup plus efficace devant les buts. Qu\u2019aimes-tu dans la vie \u00e0 part le football ? A part le football, j\u2019aime passer du temps avec ma famille. Qui est ton idole ? J\u2019aime bien Cristiano Ronaldo.<\/p>\n<p style=\"text-align: right\"><strong>Entretien r\u00e9alis\u00e9 \u00e0 Yaound\u00e9 par Yves OUEDRAOGO <\/strong><\/p>\n<p>L\u2019article <a rel=\"nofollow\" href=\"https:\/\/www.sidwaya.info\/blog\/2022\/01\/31\/aboubacar-dango-ouattara-etalon-nous-avons-un-bon-etat-desprit\/\">Aboubacar Dango Ouattara (Etalon)  :\u00ab Nous avons un bon \u00e9tat d\u2019esprit \u00bb<\/a> est apparu en premier sur <a rel=\"nofollow\" href=\"https:\/\/www.sidwaya.info\/\">Quotidien Sidwaya<\/a>.<\/p>\n<\/div>\n<p>Auteur: JK. Sidwaya<br \/>\n<a href=\"https:\/\/www.sidwaya.info\/blog\/2022\/01\/31\/aboubacar-dango-ouattara-etalon-nous-avons-un-bon-etat-desprit\/?utm_source=rss&#038;utm_medium=rss&#038;utm_campaign=aboubacar-dango-ouattara-etalon-nous-avons-un-bon-etat-desprit\">Cliquez ici pour lire l&rsquo;article depuis sa source.<\/a><\/p>\n","protected":false},"excerpt":{"rendered":"<p>Il est le dernier arriv\u00e9 dans l\u2019\u00e9curie des Etalons pour la 33e \u00e9dition de la Coupe d\u2019Afrique des Nations. Soci\u00e9taire de la formation de niveau 1 fran\u00e7ais de Lorient, Aboubacar Dango Ouattara a s\u00e9duit plus d\u2019un lors de ses derni\u00e8res prestations en club avant de rejoindre l\u2019\u00e9quipe nationale. Est-ce pour cela qu\u2019il a \u00e9t\u00e9 s\u00e9lectionn\u00e9 [&hellip;]<\/p>\n","protected":false},"author":1816,"featured_media":0,"comment_status":"closed","ping_status":"closed","sticky":false,"template":"","format":"standard","meta":{"fifu_image_url":"","fifu_image_alt":"","footnotes":""},"categories":[73,81],"tags":[],"class_list":["post-139909","post","type-post","status-publish","format-standard","hentry","category-actualite","category-burkina-faso"],"_links":{"self":[{"href":"https:\/\/linitiative.ca\/International\/wp-json\/wp\/v2\/posts\/139909","targetHints":{"allow":["GET"]}}],"collection":[{"href":"https:\/\/linitiative.ca\/International\/wp-json\/wp\/v2\/posts"}],"about":[{"href":"https:\/\/linitiative.ca\/International\/wp-json\/wp\/v2\/types\/post"}],"author":[{"embeddable":true,"href":"https:\/\/linitiative.ca\/International\/wp-json\/wp\/v2\/users\/1816"}],"replies":[{"embeddable":true,"href":"https:\/\/linitiative.ca\/International\/wp-json\/wp\/v2\/comments?post=139909"}],"version-history":[{"count":0,"href":"https:\/\/linitiative.ca\/International\/wp-json\/wp\/v2\/posts\/139909\/revisions"}],"wp:attachment":[{"href":"https:\/\/linitiative.ca\/International\/wp-json\/wp\/v2\/media?parent=139909"}],"wp:term":[{"taxonomy":"category","embeddable":true,"href":"https:\/\/linitiative.ca\/International\/wp-json\/wp\/v2\/categories?post=139909"},{"taxonomy":"post_tag","embeddable":true,"href":"https:\/\/linitiative.ca\/International\/wp-json\/wp\/v2\/tags?post=139909"}],"curies":[{"name":"wp","href":"https:\/\/api.w.org\/{rel}","templated":true}]}}