{"id":139910,"date":"2022-01-31T17:31:04","date_gmt":"2022-01-31T22:31:04","guid":{"rendered":"https:\/\/linitiative.ca\/International\/nouvelle-de-lecurie-bertrand-et-dayo-de-retour-a-lentrainement\/"},"modified":"2022-01-31T17:31:04","modified_gmt":"2022-01-31T22:31:04","slug":"nouvelle-de-lecurie-bertrand-et-dayo-de-retour-a-lentrainement","status":"publish","type":"post","link":"https:\/\/linitiative.ca\/International\/nouvelle-de-lecurie-bertrand-et-dayo-de-retour-a-lentrainement\/","title":{"rendered":"Nouvelle de l\u2019\u00e9curie : Bertrand et Dayo de retour \u00e0 l\u2019entrainement"},"content":{"rendered":"<div>\n<p><strong>Les Etalons sont de retour \u00e0 Yaound\u00e9 depuis hier pour leur match de demi-finale, le mercredi 3 f\u00e9vrier face aux Lions de la T\u00e9ranga.<\/strong><\/p>\n<p>Apr\u00e8s leur victoire samedi 29 janvier dernier \u00e0 Garoua face aux Aigles de Carthage, les Etalons y sont rest\u00e9s pour s\u2019offrir un petit temps de r\u00e9cup\u00e9ration avant leur retour \u00e0 Yaound\u00e9 o\u00f9 ils ont disput\u00e9 leurs deux premiers matchs de la comp\u00e9tition. Ils sont arriv\u00e9s ce 31 janvier dans la capitale camerounaise. Pour leur dernier entrainement avant de quitter Garoua, ils ont enregistr\u00e9 le retour de Bertrand Traor\u00e9 et Yssoufou Dayo.<\/p>\n<p>Bless\u00e9s et absents face \u00e0 la Tunisie, les nouvelles sont maintenant rassurantes puisque le capitaine et vice-capitaine des Etalons se sont entrain\u00e9s normalement. Tous les joueurs ont particip\u00e9 \u00e0 cette s\u00e9ance, sauf Edmond Tapsoba. Le soci\u00e9taire du Bayer Leverkusen qui ressent une douleur \u00e0 la cuisse est rest\u00e9 aux soins. Mais, le staff m\u00e9dical rassure que son cas n\u2019est pas grave. Il sera op\u00e9rationnel face au S\u00e9n\u00e9gal.<\/p>\n<p style=\"text-align: right\"><strong>Yves OUEDRAOGO <\/strong><\/p>\n<p style=\"text-align: right\">Depuis Yaound\u00e9<\/p>\n<p>L\u2019article <a rel=\"nofollow\" href=\"https:\/\/www.sidwaya.info\/blog\/2022\/01\/31\/nouvelle-de-lecurie-bertrand-et-dayo-de-retour-a-lentrainement\/\">Nouvelle de l\u2019\u00e9curie : Bertrand et Dayo de retour \u00e0 l\u2019entrainement<\/a> est apparu en premier sur <a rel=\"nofollow\" href=\"https:\/\/www.sidwaya.info\/\">Quotidien Sidwaya<\/a>.<\/p>\n<\/div>\n<p>Auteur: JK. Sidwaya<br \/>\n<a href=\"https:\/\/www.sidwaya.info\/blog\/2022\/01\/31\/nouvelle-de-lecurie-bertrand-et-dayo-de-retour-a-lentrainement\/?utm_source=rss&#038;utm_medium=rss&#038;utm_campaign=nouvelle-de-lecurie-bertrand-et-dayo-de-retour-a-lentrainement\">Cliquez ici pour lire l&rsquo;article depuis sa source.<\/a><\/p>\n","protected":false},"excerpt":{"rendered":"<p>Les Etalons sont de retour \u00e0 Yaound\u00e9 depuis hier pour leur match de demi-finale, le mercredi 3 f\u00e9vrier face aux Lions de la T\u00e9ranga. Apr\u00e8s leur victoire samedi 29 janvier dernier \u00e0 Garoua face aux Aigles de Carthage, les Etalons y sont rest\u00e9s pour s\u2019offrir un petit temps de r\u00e9cup\u00e9ration avant leur retour \u00e0 Yaound\u00e9 [&hellip;]<\/p>\n","protected":false},"author":1816,"featured_media":0,"comment_status":"closed","ping_status":"closed","sticky":false,"template":"","format":"standard","meta":{"fifu_image_url":"","fifu_image_alt":"","footnotes":""},"categories":[73,81],"tags":[],"class_list":["post-139910","post","type-post","status-publish","format-standard","hentry","category-actualite","category-burkina-faso"],"_links":{"self":[{"href":"https:\/\/linitiative.ca\/International\/wp-json\/wp\/v2\/posts\/139910","targetHints":{"allow":["GET"]}}],"collection":[{"href":"https:\/\/linitiative.ca\/International\/wp-json\/wp\/v2\/posts"}],"about":[{"href":"https:\/\/linitiative.ca\/International\/wp-json\/wp\/v2\/types\/post"}],"author":[{"embeddable":true,"href":"https:\/\/linitiative.ca\/International\/wp-json\/wp\/v2\/users\/1816"}],"replies":[{"embeddable":true,"href":"https:\/\/linitiative.ca\/International\/wp-json\/wp\/v2\/comments?post=139910"}],"version-history":[{"count":0,"href":"https:\/\/linitiative.ca\/International\/wp-json\/wp\/v2\/posts\/139910\/revisions"}],"wp:attachment":[{"href":"https:\/\/linitiative.ca\/International\/wp-json\/wp\/v2\/media?parent=139910"}],"wp:term":[{"taxonomy":"category","embeddable":true,"href":"https:\/\/linitiative.ca\/International\/wp-json\/wp\/v2\/categories?post=139910"},{"taxonomy":"post_tag","embeddable":true,"href":"https:\/\/linitiative.ca\/International\/wp-json\/wp\/v2\/tags?post=139910"}],"curies":[{"name":"wp","href":"https:\/\/api.w.org\/{rel}","templated":true}]}}