{"id":139917,"date":"2022-01-31T13:18:03","date_gmt":"2022-01-31T18:18:03","guid":{"rendered":"https:\/\/linitiative.ca\/International\/burkina-premieres-mesures-majeures-de-la-junte\/"},"modified":"2022-01-31T13:18:03","modified_gmt":"2022-01-31T18:18:03","slug":"burkina-premieres-mesures-majeures-de-la-junte","status":"publish","type":"post","link":"https:\/\/linitiative.ca\/International\/burkina-premieres-mesures-majeures-de-la-junte\/","title":{"rendered":"Burkina: Premi\u00e8res mesures majeures de la junte"},"content":{"rendered":"<div>\n<p><img decoding=\"async\" width=\"617\" height=\"735\" src=\"https:\/\/linitiative.ca\/International\/wp-content\/uploads\/sites\/23\/2022\/01\/16436530833812.jpg\" class=\"attachment-post-thumbnail size-post-thumbnail wp-post-image\" alt=\"\" loading=\"lazy\" srcset=\"https:\/\/linitiative.ca\/International\/wp-content\/uploads\/sites\/23\/2022\/01\/16436530833812.jpg 617w, https:\/\/www.journalducameroun.com\/wp-content\/uploads\/2022\/01\/16436530833812-252x300.jpg 252w, https:\/\/www.journalducameroun.com\/wp-content\/uploads\/2022\/01\/16436530833812-369x440.jpg 369w, https:\/\/www.journalducameroun.com\/wp-content\/uploads\/2022\/01\/16436530833812-600x715.jpg 600w\" sizes=\"auto, (max-width: 617px) 100vw, 617px\"><\/p>\n<p>Le lieutenant-colonel Damiba est officiellement investi des charges de pr\u00e9sident du Faso, chef de l&rsquo;Etat et chef supr\u00eame des Arm\u00e9es.Dans une d\u00e9claration lue \u00e0 la t\u00e9l\u00e9vision nationale, le lundi 31 janvier 2022, par le lieutenant-colonel Cyprien Kabor\u00e9, le Mouvement patriotique pour la sauvegarde et la restauration (MPSR), la junte qui a pris le pouvoir au Burkina Faso le 25 janvier, a annonc\u00e9 plusieurs d\u00e9cisions majeures.\u00a0<\/p>\n<p>Selon cette d\u00e9claration qui pr\u00e9cise que \u00a0le MPSR assure la \u00ab continuit\u00e9 de l&rsquo;\u00c9tat en attendant la mise en place d&rsquo;une Transition \u00bb, la suspension de la Constitution est lev\u00e9e et celle-ci est r\u00e9tablie dans ses articles qui ne contredisent par \u00bbl&rsquo;Acte fondamental \u00bb mis en place par les militaires pour organiser le pouvoir en attendant l&rsquo;adoption d&rsquo;une \u00abcharte de la transition \u00bb.\u00a0<\/p>\n<p>Le lieutenant-colonel Cyprien Kabor\u00e9 a\u00a0\u00e9galement d\u00e9clar\u00e9 que le pr\u00e9sident du MPSR, le lieutenant-colonel Paul-Henri Sandaogo Damiba est officiellement investi des charges de pr\u00e9sident du Faso, chef de l&rsquo;Etat et chef supr\u00eame des Arm\u00e9es.<\/p>\n<p>Deux hauts responsables militaires ont aussi \u00e9t\u00e9 d\u00e9mis de leurs fonctions par la junte. Le chef d&rsquo;Etat-major g\u00e9n\u00e9ral des Arm\u00e9es, le g\u00e9n\u00e9ral de brigade Gilbert Ou\u00e9draogo, nomm\u00e9 en octobre dernier par le pr\u00e9sident r\u00e9cemment d\u00e9chu, Christian Marc Roch Kabor\u00e9, a \u00e9t\u00e9 relev\u00e9 de ses fonctions et le patron des Renseignements, le colonel Fran\u00e7ois Ouedraogo n&rsquo;est plus le directeur g\u00e9n\u00e9ral de l&rsquo;Agence nationale des Renseignements (ANR), poste qu&rsquo;il occupe depuis le 9 mars 2016.<\/p>\n<p>Cet article <a rel=\"nofollow\" href=\"https:\/\/www.journalducameroun.com\/burkina-premieres-mesures-majeures-de-la-junte\/\">Burkina: Premi\u00e8res mesures majeures de la junte<\/a> est apparu en premier sur <a rel=\"nofollow\" href=\"https:\/\/www.journalducameroun.com\/\">Journal du Cameroun<\/a>.<\/p>\n<\/div>\n<p>Auteur: APA News<br \/>\n<a href=\"https:\/\/www.journalducameroun.com\/burkina-premieres-mesures-majeures-de-la-junte\/\">Cliquez ici pour lire l&rsquo;article depuis sa source.<\/a><\/p>\n","protected":false},"excerpt":{"rendered":"<p>Le lieutenant-colonel Damiba est officiellement investi des charges de pr\u00e9sident du Faso, chef de l&rsquo;Etat et chef supr\u00eame des Arm\u00e9es.Dans une d\u00e9claration lue \u00e0 la t\u00e9l\u00e9vision nationale, le lundi 31 janvier 2022, par le lieutenant-colonel Cyprien Kabor\u00e9, le Mouvement patriotique pour la sauvegarde et la restauration (MPSR), la junte qui a pris le pouvoir au [&hellip;]<\/p>\n","protected":false},"author":1965,"featured_media":0,"comment_status":"closed","ping_status":"closed","sticky":false,"template":"","format":"standard","meta":{"fifu_image_url":"https:\/\/www.journalducameroun.com\/wp-content\/uploads\/2022\/01\/16436530833812.jpg","fifu_image_alt":"Burkina: Premi\u00e8res mesures majeures de la junte","footnotes":""},"categories":[73,82],"tags":[],"class_list":["post-139917","post","type-post","status-publish","format-standard","hentry","category-actualite","category-cameroun"],"_links":{"self":[{"href":"https:\/\/linitiative.ca\/International\/wp-json\/wp\/v2\/posts\/139917","targetHints":{"allow":["GET"]}}],"collection":[{"href":"https:\/\/linitiative.ca\/International\/wp-json\/wp\/v2\/posts"}],"about":[{"href":"https:\/\/linitiative.ca\/International\/wp-json\/wp\/v2\/types\/post"}],"author":[{"embeddable":true,"href":"https:\/\/linitiative.ca\/International\/wp-json\/wp\/v2\/users\/1965"}],"replies":[{"embeddable":true,"href":"https:\/\/linitiative.ca\/International\/wp-json\/wp\/v2\/comments?post=139917"}],"version-history":[{"count":0,"href":"https:\/\/linitiative.ca\/International\/wp-json\/wp\/v2\/posts\/139917\/revisions"}],"wp:attachment":[{"href":"https:\/\/linitiative.ca\/International\/wp-json\/wp\/v2\/media?parent=139917"}],"wp:term":[{"taxonomy":"category","embeddable":true,"href":"https:\/\/linitiative.ca\/International\/wp-json\/wp\/v2\/categories?post=139917"},{"taxonomy":"post_tag","embeddable":true,"href":"https:\/\/linitiative.ca\/International\/wp-json\/wp\/v2\/tags?post=139917"}],"curies":[{"name":"wp","href":"https:\/\/api.w.org\/{rel}","templated":true}]}}