{"id":139919,"date":"2022-01-31T15:18:03","date_gmt":"2022-01-31T20:18:03","guid":{"rendered":"https:\/\/linitiative.ca\/International\/tension-le-retrait-de-larmee-francaise-du-mali-est-une-option-analyste\/"},"modified":"2022-01-31T15:18:03","modified_gmt":"2022-01-31T20:18:03","slug":"tension-le-retrait-de-larmee-francaise-du-mali-est-une-option-analyste","status":"publish","type":"post","link":"https:\/\/linitiative.ca\/International\/tension-le-retrait-de-larmee-francaise-du-mali-est-une-option-analyste\/","title":{"rendered":"Tension: \u00ab\u00a0Le retrait de l\u2019arm\u00e9e fran\u00e7aise du Mali est une option\u00a0\u00bb (Analyste)"},"content":{"rendered":"<div>\n<p><img decoding=\"async\" width=\"758\" height=\"552\" src=\"https:\/\/linitiative.ca\/International\/wp-content\/uploads\/sites\/23\/2022\/01\/16436602834047.jpg\" class=\"attachment-post-thumbnail size-post-thumbnail wp-post-image\" alt=\"\" loading=\"lazy\" srcset=\"https:\/\/linitiative.ca\/International\/wp-content\/uploads\/sites\/23\/2022\/01\/16436602834047.jpg 758w, https:\/\/www.journalducameroun.com\/wp-content\/uploads\/2022\/01\/16436602834047-300x218.jpg 300w, https:\/\/www.journalducameroun.com\/wp-content\/uploads\/2022\/01\/16436602834047-604x440.jpg 604w, https:\/\/www.journalducameroun.com\/wp-content\/uploads\/2022\/01\/16436602834047-600x437.jpg 600w\" sizes=\"auto, (max-width: 758px) 100vw, 758px\"><\/p>\n<p>Professeur \u00e0 Sciences Po \u00e0 Paris et \u00e0 Advisor Brussels International center, Kader A. Abderrahim d\u00e9crypte, pour Apa news, la d\u00e9cision du gouvernement malien d&rsquo;expulser l&rsquo;ambassadeur fran\u00e7ais en poste au Mali, Jo\u00ebl Meyer.-La d\u00e9cision malienne d&rsquo;expulser l&rsquo;ambassadeur de France, annonc\u00e9e lundi 31 janvier, \u00a0\u00e9tait-elle pr\u00e9visible ?<\/p>\n<p>Malheureusement oui. Ces derni\u00e8res semaines la tension est mont\u00e9e entre les deux capitales. Les d\u00e9claration de Jean-Yves Le Drian et de Mme Florence Parly, en fin de semaine derni\u00e8re, n&rsquo;ont pas contribu\u00e9 \u00e0 faire retomber la pression.<\/p>\n<p>Le retrait annonc\u00e9, jeudi dernier, des troupes danoises pr\u00e9sentes dans le cadre de la task-force europ\u00e9enne Takuba qui appuie l&rsquo;arm\u00e9e fran\u00e7aise dans la lutte contre les groupes jihadistes au Mali et au Sahel apr\u00e8s une admonestation du gouvernement malien a marqu\u00e9 le point d&rsquo;orgue.\u00a0<\/p>\n<p>Dans cette situation, il me semble que le Mali s&rsquo;isole diplomatiquement et que la France est fragilis\u00e9e dans ce qu&rsquo;elle consid\u00e8re \u00eatre son pr\u00e9-carr\u00e9.\u00a0<\/p>\n<p>-Quelle pourrait \u00eatre la r\u00e9ponse de la France \u00e0 cette annonce ?<\/p>\n<p>La France pourrait prendre une d\u00e9cision similaire. Toutefois, je ne crois qu&rsquo;elle le fera afin de marquer son d\u00e9sir de maintenir a minima des relations entre les deux pays.<\/p>\n<p>En revanche, le d\u00e9part des troupes fran\u00e7aises peut \u00eatre une option. La France se trouve dans un contexte de pr\u00e9-campagne pour une \u00e9lection pr\u00e9sidentielle pr\u00e9vue en, avril 2022. Le pr\u00e9sident Emmanuel Macron prendra, sans doute, une d\u00e9cision en fonction de l&rsquo;\u00e9lection \u00e0 venir et de l&rsquo;int\u00e9r\u00eat pour la France de rester ou non au Mali. Son influence et son r\u00f4le en Afrique sont ainsi remis en cause. Il doit en tirer des enseignements.<\/p>\n<p>-Un retrait d\u00e9finitif des troupes fran\u00e7aises est-il envisageable ?\u00a0<\/p>\n<p>C&rsquo;est naturellement cela que les protagonistes de cette crise diplomatique ont \u00e0 l&rsquo;esprit.\u00a0<\/p>\n<p>-Paris et Bamako pouvaient-ils \u00e9viter d&rsquo;arriver \u00e0 ce niveau de tension ?<\/p>\n<p>Chacun des deux acteurs pouvait faire l&rsquo;\u00e9conomie de cette d\u00e9gradation bilat\u00e9rale.<\/p>\n<p>Il me semble que les autorit\u00e9s maliennes tardent \u00e0 expliquer leur projet et leurs intentions, \u00e0 tout le moins vis-\u00e0-vis de leurs compatriotes, il est plus ais\u00e9 de se d\u00e9terminer lorsque les citoyens comprennent dans quelle direction vous souhaitez aller. Ici on le sentiment d&rsquo;une navigation \u00e0 vue, sans v\u00e9ritable projet politique. Au niveau r\u00e9gional, il y a une recomposition g\u00e9opolitique en cours.\u00a0<\/p>\n<p>Il est l\u00e9gitime que le Mali cherche \u00e0 \u00e9tablir des alliances ou des partenariats nouveaux pour pr\u00e9server ses int\u00e9r\u00eats.\u00a0<\/p>\n<p>Quant \u00e0 la France, les vieux r\u00e9flexes et le sentiment d&rsquo;\u00eatre dans sa zone de confort ne lui ont pas permis de voir les \u00e9volutions en cours sur le plan g\u00e9opolitique. \u00a0<\/p>\n<p>Cet article <a rel=\"nofollow\" href=\"https:\/\/www.journalducameroun.com\/tension-le-retrait-de-larmee-francaise-du-mali-est-une-option-analyste\/\">Tension: \u00ab\u00a0Le retrait de l\u2019arm\u00e9e fran\u00e7aise du Mali est une option\u00a0\u00bb (Analyste)<\/a> est apparu en premier sur <a rel=\"nofollow\" href=\"https:\/\/www.journalducameroun.com\/\">Journal du Cameroun<\/a>.<\/p>\n<\/div>\n<p>Auteur: APA News<br \/>\n<a href=\"https:\/\/www.journalducameroun.com\/tension-le-retrait-de-larmee-francaise-du-mali-est-une-option-analyste\/\">Cliquez ici pour lire l&rsquo;article depuis sa source.<\/a><\/p>\n","protected":false},"excerpt":{"rendered":"<p>Professeur \u00e0 Sciences Po \u00e0 Paris et \u00e0 Advisor Brussels International center, Kader A. Abderrahim d\u00e9crypte, pour Apa news, la d\u00e9cision du gouvernement malien d&rsquo;expulser l&rsquo;ambassadeur fran\u00e7ais en poste au Mali, Jo\u00ebl Meyer.-La d\u00e9cision malienne d&rsquo;expulser l&rsquo;ambassadeur de France, annonc\u00e9e lundi 31 janvier, \u00a0\u00e9tait-elle pr\u00e9visible ? Malheureusement oui. Ces derni\u00e8res semaines la tension est mont\u00e9e [&hellip;]<\/p>\n","protected":false},"author":1965,"featured_media":0,"comment_status":"closed","ping_status":"closed","sticky":false,"template":"","format":"standard","meta":{"fifu_image_url":"https:\/\/www.journalducameroun.com\/wp-content\/uploads\/2022\/01\/16436602834047.jpg","fifu_image_alt":"Tension: \u00ab\u00a0Le retrait de l\u2019arm\u00e9e fran\u00e7aise du Mali est une option\u00a0\u00bb (Analyste)","footnotes":""},"categories":[73,82],"tags":[],"class_list":["post-139919","post","type-post","status-publish","format-standard","hentry","category-actualite","category-cameroun"],"_links":{"self":[{"href":"https:\/\/linitiative.ca\/International\/wp-json\/wp\/v2\/posts\/139919","targetHints":{"allow":["GET"]}}],"collection":[{"href":"https:\/\/linitiative.ca\/International\/wp-json\/wp\/v2\/posts"}],"about":[{"href":"https:\/\/linitiative.ca\/International\/wp-json\/wp\/v2\/types\/post"}],"author":[{"embeddable":true,"href":"https:\/\/linitiative.ca\/International\/wp-json\/wp\/v2\/users\/1965"}],"replies":[{"embeddable":true,"href":"https:\/\/linitiative.ca\/International\/wp-json\/wp\/v2\/comments?post=139919"}],"version-history":[{"count":0,"href":"https:\/\/linitiative.ca\/International\/wp-json\/wp\/v2\/posts\/139919\/revisions"}],"wp:attachment":[{"href":"https:\/\/linitiative.ca\/International\/wp-json\/wp\/v2\/media?parent=139919"}],"wp:term":[{"taxonomy":"category","embeddable":true,"href":"https:\/\/linitiative.ca\/International\/wp-json\/wp\/v2\/categories?post=139919"},{"taxonomy":"post_tag","embeddable":true,"href":"https:\/\/linitiative.ca\/International\/wp-json\/wp\/v2\/tags?post=139919"}],"curies":[{"name":"wp","href":"https:\/\/api.w.org\/{rel}","templated":true}]}}