{"id":139923,"date":"2022-01-31T08:07:48","date_gmt":"2022-01-31T13:07:48","guid":{"rendered":"https:\/\/linitiative.ca\/International\/assurances-les-enjeux-de-la-46eme-session-de-lassemblee-generale-ordinaire-de-la-fanaf\/"},"modified":"2022-01-31T08:07:48","modified_gmt":"2022-01-31T13:07:48","slug":"assurances-les-enjeux-de-la-46eme-session-de-lassemblee-generale-ordinaire-de-la-fanaf","status":"publish","type":"post","link":"https:\/\/linitiative.ca\/International\/assurances-les-enjeux-de-la-46eme-session-de-lassemblee-generale-ordinaire-de-la-fanaf\/","title":{"rendered":"Assurances\u00a0: les enjeux de la 46\u00e8me\u00a0session de l\u2019Assembl\u00e9e g\u00e9n\u00e9rale ordinaire de la Fanaf"},"content":{"rendered":"<div>\n<p>Malgr\u00e9 un contexte particuli\u00e8rement difficile marqu\u00e9 par la pand\u00e9mie du Covid-19, le bureau ex\u00e9cutif de la F\u00e9d\u00e9ration des soci\u00e9t\u00e9s d\u2019assurances de droit national africaines (FANAF) envisage organiser l\u2019Assembl\u00e9e g\u00e9n\u00e9rale ordinaire de cette institution pour l\u2019exercice 2022.<\/p>\n<p><strong>Lire aussi<\/strong> : <strong><a href=\"https:\/\/ecomatin.net\/compagnie-dassurances-la-responsabilite-civile-preoccupe\/\">Compagnie d\u2019assurances : la responsabilit\u00e9 civile pr\u00e9occupe<\/a><\/strong><\/p>\n<p>Apr\u00e8s celle du 30 Mars 2021 d\u00e9roul\u00e9e dans des conditions restrictives du fait de la crise sanitaire, l\u2019Assembl\u00e9e g\u00e9n\u00e9rale ordinaire de 2022 se d\u00e9roulera sous mode hybride (pr\u00e9sentiel et virtuel). Toutefois, les points inscrits \u00e0 l\u2019ordre du jour seront examin\u00e9s en deux phases. D\u2019apr\u00e8s le Bureau ex\u00e9cutif de la Fanaf, la premi\u00e8re phase sera consacr\u00e9e \u00e0 l\u2019Assembl\u00e9e statutaire. Seront ainsi examin\u00e9 les points sur l\u2019adoption des comptes clos au 31 D\u00e9cembre 2021 et celui relatif au vote du budget 2022. La deuxi\u00e8me phase qui se tiendra \u00e0 Dakar au S\u00e9n\u00e9gal sera consacr\u00e9e au volet scientifique de cette assembl\u00e9e g\u00e9n\u00e9rale ordinaire. La tenue de l\u2019Assembl\u00e9e g\u00e9n\u00e9rale ordinaire de la Fanaf a \u00e9t\u00e9 approuv\u00e9e en mars 2021 \u00e0 l\u2019occasion de la 45\u00e8me session de cette instance. Ladite session a par ailleurs connu l\u2019examen et l\u2019approbation des comptes de l\u2019exercice clos au 31 d\u00e9cembre 2020. La Fanaf avait boucl\u00e9 cet exercice avec un d\u00e9ficit de 35,1 millions de FCFA. Elle a \u00e9galement connu l\u2019affectation du r\u00e9sultat de l\u2019exercice d\u00e9ficitaire de 2020 en report \u00e0 nouveau, portant le solde de ce compte \u00e0 473,09 milliards de FCFA. D\u2019apr\u00e8s les statuts de la Fanaf, l\u2019Assembl\u00e9e g\u00e9n\u00e9rale annuelle est constitu\u00e9e de l\u2019ensemble des soci\u00e9t\u00e9s membres. Chaque soci\u00e9t\u00e9 est repr\u00e9sent\u00e9e par un membre, soit de sa direction, soit de son conseil d\u2019administration.<\/p>\n<p><strong>Lire aussi<\/strong> : <strong><a href=\"https:\/\/ecomatin.net\/assurances-maurice-matanga-nouvel-administrateur-titulaire-dafricare\/\">Assurances : Maurice Matanga, nouvel administrateur titulaire d\u2019AfricaRe<\/a><\/strong><\/p>\n<p>Ses missions sont clairement d\u00e9finis : \u00e9lire les membres du Bureau Ex\u00e9cutif, fixer les grandes orientations de la F\u00e9d\u00e9ration, approuver les \u00e9tats financiers de la F\u00e9d\u00e9ration, fixer les cotisations des Membres, modifier les statuts, voter toutes autres r\u00e9solutions ne relevant pas des attributions d\u2019un autre organe etc. Pour 2021, le budget de la Fanaf avait \u00e9t\u00e9 en recettes et en d\u00e9penses \u00e0 une enveloppe de 658,5 millions de FCFA. Enveloppe r\u00e9partie \u00e0 hauteur de 585,5 millions de FCFA de budget de fonctionnement et 72,9 millions de FCFA de budget d\u2019investissement. Pour rappel, l\u2019ann\u00e9e 2021 a connu les retraits volontaires d\u2019Allianz Ghana et de Sana Maroc, deux membres de la F\u00e9d\u00e9rations.<\/p>\n<p><strong>Lire aussi<\/strong> : <strong><a href=\"https:\/\/ecomatin.net\/bvmac-une-nouvelle-societe-bientot-t-inscrite-a-la-cote-de-la-bourse\/\">Bvmac : une nouvelle soci\u00e9t\u00e9 bient\u00f4t inscrite \u00e0 la c\u00f4te de la bourse<\/a><\/strong><\/p>\n<p>4 retraits pour d\u00e9faut de r\u00e9gularisation apr\u00e8s suspension ont \u00e9galement \u00e9t\u00e9 enregistr\u00e9s. Il s\u2019agit de Socar S.A Burundi, Socar-Vie Burundi, Ucar Burundi et Sonarwa Rwanda. East Africa global Insurance Burundi et Soras Rwanda ont \u00e9cop\u00e9 de suspension pour d\u00e9faut de paiement de cotisations. La Fanaf a \u00e9t\u00e9 cr\u00e9\u00e9e le 17 mars 1976. Elle regroupe 214 soci\u00e9t\u00e9s membres issus de 29 pays. Elle regroupe 53 soci\u00e9t\u00e9s Vie, 137 soci\u00e9t\u00e9s Non Vie, 19 soci\u00e9t\u00e9s de R\u00e9assurances, 4 Fonds de garantie automobile et 1 soci\u00e9t\u00e9 Cr\u00e9dit\/ Caution.<\/p>\n<p>L\u2019article <a rel=\"nofollow\" href=\"https:\/\/ecomatin.net\/assurances-les-enjeux-de-la-46eme-session-de-lassemblee-generale-ordinaire-de-la-fanaf\/\">Assurances\u00a0: les enjeux de la 46\u00e8me\u00a0session de l\u2019Assembl\u00e9e g\u00e9n\u00e9rale ordinaire de la Fanaf<\/a> est apparu en premier sur <a rel=\"nofollow\" href=\"https:\/\/ecomatin.net\/\">EcoMatin<\/a>.<\/p>\n<\/div>\n<p>Auteur: Georges Semey<br \/>\n<a href=\"https:\/\/ecomatin.net\/assurances-les-enjeux-de-la-46eme-session-de-lassemblee-generale-ordinaire-de-la-fanaf\/\">Cliquez ici pour lire l&rsquo;article depuis sa source.<\/a><\/p>\n","protected":false},"excerpt":{"rendered":"<p>Malgr\u00e9 un contexte particuli\u00e8rement difficile marqu\u00e9 par la pand\u00e9mie du Covid-19, le bureau ex\u00e9cutif de la F\u00e9d\u00e9ration des soci\u00e9t\u00e9s d\u2019assurances de droit national africaines (FANAF) envisage organiser l\u2019Assembl\u00e9e g\u00e9n\u00e9rale ordinaire de cette institution pour l\u2019exercice 2022. Lire aussi : Compagnie d\u2019assurances : la responsabilit\u00e9 civile pr\u00e9occupe Apr\u00e8s celle du 30 Mars 2021 d\u00e9roul\u00e9e dans des [&hellip;]<\/p>\n","protected":false},"author":1969,"featured_media":0,"comment_status":"closed","ping_status":"closed","sticky":false,"template":"","format":"standard","meta":{"fifu_image_url":"","fifu_image_alt":"","footnotes":""},"categories":[82,78],"tags":[],"class_list":["post-139923","post","type-post","status-publish","format-standard","hentry","category-cameroun","category-economie"],"_links":{"self":[{"href":"https:\/\/linitiative.ca\/International\/wp-json\/wp\/v2\/posts\/139923","targetHints":{"allow":["GET"]}}],"collection":[{"href":"https:\/\/linitiative.ca\/International\/wp-json\/wp\/v2\/posts"}],"about":[{"href":"https:\/\/linitiative.ca\/International\/wp-json\/wp\/v2\/types\/post"}],"author":[{"embeddable":true,"href":"https:\/\/linitiative.ca\/International\/wp-json\/wp\/v2\/users\/1969"}],"replies":[{"embeddable":true,"href":"https:\/\/linitiative.ca\/International\/wp-json\/wp\/v2\/comments?post=139923"}],"version-history":[{"count":0,"href":"https:\/\/linitiative.ca\/International\/wp-json\/wp\/v2\/posts\/139923\/revisions"}],"wp:attachment":[{"href":"https:\/\/linitiative.ca\/International\/wp-json\/wp\/v2\/media?parent=139923"}],"wp:term":[{"taxonomy":"category","embeddable":true,"href":"https:\/\/linitiative.ca\/International\/wp-json\/wp\/v2\/categories?post=139923"},{"taxonomy":"post_tag","embeddable":true,"href":"https:\/\/linitiative.ca\/International\/wp-json\/wp\/v2\/tags?post=139923"}],"curies":[{"name":"wp","href":"https:\/\/api.w.org\/{rel}","templated":true}]}}