{"id":139925,"date":"2022-01-31T10:18:18","date_gmt":"2022-01-31T15:18:18","guid":{"rendered":"https:\/\/linitiative.ca\/International\/le-chiffre-daffaires-de-tradex-tchad-augmente-de-1857-en-un-an\/"},"modified":"2022-01-31T10:18:18","modified_gmt":"2022-01-31T15:18:18","slug":"le-chiffre-daffaires-de-tradex-tchad-augmente-de-1857-en-un-an","status":"publish","type":"post","link":"https:\/\/linitiative.ca\/International\/le-chiffre-daffaires-de-tradex-tchad-augmente-de-1857-en-un-an\/","title":{"rendered":"Le chiffre d\u2019affaires de Tradex Tchad augmente de 185,7% en un an"},"content":{"rendered":"<div>\n<p>Tradex Tchad, la filiale du p\u00e9trolier camerounais Tradex,\u00a0\u00a0a cl\u00f4tur\u00e9 l\u2019ann\u00e9e 2019 avec un chiffre d\u2019affaires de 10 milliards de FCFA en hausse de 185,7% par rapport \u00e0 l\u2019exercice 2018. C\u2019est ce que renseigne le rapport 2019 de l\u2019entreprise consult\u00e9 par EcoMatin. Le rapport explique cette performance par l\u2019obtention d\u2019une autorisation d\u2019exporter des produits p\u00e9troliers du Tchad vers le Cameroun et la R\u00e9publique Centrafricaine pour un quota de 20\u00a0000 m<sup>3<\/sup>\u00a0de Gasoil et 7000 m<sup>3<\/sup>\u00a0de Super carburant valable jusqu\u2019au 20 juin 2020. A cel\u00e0 pourrait s\u2019ajouter la signature d\u2019un partenariat avec l\u2019autorit\u00e9 de R\u00e9gulation du secteur p\u00e9trolier Aval du Tchad (Arsat) pour l\u2019importation de gaz p\u00e9trolier liqu\u00e9fi\u00e9 (Gpl), l\u2019obtention d\u2019une autorisation provisoire d\u2019exercice dans les soutes aviation, et l\u2019obtention d\u2019une autorisation d\u2019importer 24\u00a0000 m<sup>3<\/sup>\u00a0de jet A1 pour le compte de l\u2019op\u00e9ration Barkhane.\u00a0<\/p>\n<p><strong>Distribution des produits p\u00e9troliers<\/strong><\/p>\n<p>Bien plus, la hausse du chiffre d\u2019affaires de Tradex Tchad, r\u00e9sulte de l\u2019augmentation du volume de distribution de ses produits p\u00e9troliers. Pour ce qui est du carburant, cette filiale a \u00e9coul\u00e9 en 2019, 11\u00a0483 m<sup>3<\/sup>\u00a0contre 7 444 m<sup>3\u00a0<\/sup>en 2018, soit une hausse de 54,2%. Le groupe Tradex SA, lui m\u00eame contr\u00f4l\u00e9 par la Soci\u00e9t\u00e9 Nationale des Hydrocarbures(SNH) a livr\u00e9 \u00e0 sa filiale tchadienne 576 m<sup>3<\/sup>\u00a0de jet A1 destin\u00e9s \u00e0 l\u2019arm\u00e9e fran\u00e7aise et 1918,7 TM de Gpl pour le march\u00e9 domestique.Quant aux lubrifiants, le volume d\u2019\u00e9coulement est pass\u00e9 de 400 m<sup>3<\/sup>\u00a0en 2019 \u00e0 600 m<sup>3<\/sup>\u00a0\u00a0en 2018, soit une hausse de 33%. Et enfin le volume de gaz de butane \u00e9coul\u00e9s en 2019 est de 9,3 TM (tonne m\u00e9trique).\u00a0Pour atteindre ce pourcentage, la succursale annonce avoir am\u00e9lior\u00e9 son r\u00e9seau de distribution dans les stations-service du pays; renforc\u00e9 ses capacit\u00e9s de stockage de produits p\u00e9troliers et d\u00e9velopp\u00e9 le\u00a0segment gaz domestique.\u00a0Malgr\u00e9 cette grosse performance, la filiale tchadienne ne repr\u00e9sente que 3% du chiffre d\u2019affaires global de l\u2019entreprise. Elle se loge ainsi \u00e0 la 3e position au classement des filiales, derri\u00e8re la RCA(9,6%) et le Cameroun (87,4%). Pour 2019, la Guin\u00e9e Equatoriale n\u2019entre pas dans le classement puisque son lancement effectif n\u2019a eu lieu qu\u2019en 2020.\u00a0<\/p>\n<p><strong>Lire aussi : <a href=\"https:\/\/ecomatin.net\/tradex-s-a-realise-un-resultat-net-de-77-milliards-de-fcfa-en-2019\/\">Tradex S.A r\u00e9alise un r\u00e9sultat net de 7,7 milliards de FCFA en 2019<\/a><\/strong><\/p>\n<p>Tradex Tchad a \u00e9t\u00e9 cr\u00e9\u00e9e en 2004, suite aux difficult\u00e9s d\u2019approvisionnement en produits p\u00e9troliers de qualit\u00e9, auxquels faisait face le pays.\u00a0\u00a0<\/p>\n<p>L\u2019article <a rel=\"nofollow\" href=\"https:\/\/ecomatin.net\/le-chiffre-daffaires-de-tradex-x-tchad-d-augmente-de-1857-en-un-an\/\">Le chiffre d\u2019affaires de Tradex Tchad augmente de 185,7% en un an<\/a> est apparu en premier sur <a rel=\"nofollow\" href=\"https:\/\/ecomatin.net\/\">EcoMatin<\/a>.<\/p>\n<\/div>\n<p>Auteur: Mairamou Abdou<br \/>\n<a href=\"https:\/\/ecomatin.net\/le-chiffre-daffaires-de-tradex-x-tchad-d-augmente-de-1857-en-un-an\/\">Cliquez ici pour lire l&rsquo;article depuis sa source.<\/a><\/p>\n","protected":false},"excerpt":{"rendered":"<p>Tradex Tchad, la filiale du p\u00e9trolier camerounais Tradex,\u00a0\u00a0a cl\u00f4tur\u00e9 l\u2019ann\u00e9e 2019 avec un chiffre d\u2019affaires de 10 milliards de FCFA en hausse de 185,7% par rapport \u00e0 l\u2019exercice 2018. C\u2019est ce que renseigne le rapport 2019 de l\u2019entreprise consult\u00e9 par EcoMatin. Le rapport explique cette performance par l\u2019obtention d\u2019une autorisation d\u2019exporter des produits p\u00e9troliers du [&hellip;]<\/p>\n","protected":false},"author":1969,"featured_media":0,"comment_status":"closed","ping_status":"closed","sticky":false,"template":"","format":"standard","meta":{"fifu_image_url":"","fifu_image_alt":"","footnotes":""},"categories":[82,78],"tags":[],"class_list":["post-139925","post","type-post","status-publish","format-standard","hentry","category-cameroun","category-economie"],"_links":{"self":[{"href":"https:\/\/linitiative.ca\/International\/wp-json\/wp\/v2\/posts\/139925","targetHints":{"allow":["GET"]}}],"collection":[{"href":"https:\/\/linitiative.ca\/International\/wp-json\/wp\/v2\/posts"}],"about":[{"href":"https:\/\/linitiative.ca\/International\/wp-json\/wp\/v2\/types\/post"}],"author":[{"embeddable":true,"href":"https:\/\/linitiative.ca\/International\/wp-json\/wp\/v2\/users\/1969"}],"replies":[{"embeddable":true,"href":"https:\/\/linitiative.ca\/International\/wp-json\/wp\/v2\/comments?post=139925"}],"version-history":[{"count":0,"href":"https:\/\/linitiative.ca\/International\/wp-json\/wp\/v2\/posts\/139925\/revisions"}],"wp:attachment":[{"href":"https:\/\/linitiative.ca\/International\/wp-json\/wp\/v2\/media?parent=139925"}],"wp:term":[{"taxonomy":"category","embeddable":true,"href":"https:\/\/linitiative.ca\/International\/wp-json\/wp\/v2\/categories?post=139925"},{"taxonomy":"post_tag","embeddable":true,"href":"https:\/\/linitiative.ca\/International\/wp-json\/wp\/v2\/tags?post=139925"}],"curies":[{"name":"wp","href":"https:\/\/api.w.org\/{rel}","templated":true}]}}