{"id":139928,"date":"2022-02-01T07:00:32","date_gmt":"2022-02-01T12:00:32","guid":{"rendered":"https:\/\/linitiative.ca\/International\/generation-green-proagro-pour-accompagner-les-jeunes-entrepreneurs-agricoles-et-agroalimentaires\/"},"modified":"2022-02-01T07:00:32","modified_gmt":"2022-02-01T12:00:32","slug":"generation-green-proagro-pour-accompagner-les-jeunes-entrepreneurs-agricoles-et-agroalimentaires","status":"publish","type":"post","link":"https:\/\/linitiative.ca\/International\/generation-green-proagro-pour-accompagner-les-jeunes-entrepreneurs-agricoles-et-agroalimentaires\/","title":{"rendered":"G\u00e9n\u00e9ration Green : \u00abProAgro\u00bb pour accompagner les jeunes entrepreneurs agricoles et agroalimentaires"},"content":{"rendered":"<div>\n<p><img loading=\"lazy\" decoding=\"async\" width=\"300\" height=\"153\" src=\"https:\/\/linitiative.ca\/International\/wp-content\/uploads\/sites\/23\/2022\/02\/Agriculture-300x153-1.jpg\" class=\"attachment-medium size-medium wp-post-image\" alt=\"\" srcset=\"https:\/\/linitiative.ca\/International\/wp-content\/uploads\/sites\/23\/2022\/02\/Agriculture-300x153-1.jpg 300w, https:\/\/aujourdhui.ma\/wp-content\/uploads\/2021\/12\/Agriculture-274x140.jpg 274w, https:\/\/aujourdhui.ma\/wp-content\/uploads\/2021\/12\/Agriculture.jpg 746w, https:\/\/aujourdhui.ma\/wp-content\/uploads\/2021\/12\/Agriculture-165x84.jpg 165w, https:\/\/aujourdhui.ma\/wp-content\/uploads\/2021\/12\/Agriculture-702x358.jpg 702w\" sizes=\"auto, (max-width: 300px) 100vw, 300px\"><\/p>\n<div class=\"base-box mom_box_sc_custom mom_box_sc clear\" style=\"-moz-border-radius: 5px; border-radius: 5px;background-color:#eeedeb;\">\n<p><strong>Mis en place conjointement par la Direction r\u00e9gionale de l\u2019agriculture (DRA) de Rabat-Sal\u00e9-K\u00e9nitra (RSK) et l\u2019Organisation internationale du travail (OIT), le projet ProAgro devra renforcer l\u2019accompagnement des jeunes entrepreneurs agricoles et agroalimentaires.<\/strong><\/p>\n<p><strong> Les d\u00e9tails.<\/strong><\/p>\n<\/div>\n<p>Il s\u2019agit d\u2019une parfaite d\u00e9clinaison de la strat\u00e9gie agricole \u00abG\u00e9n\u00e9ration Green 2020- 2030\u00bb qui met au centre l\u2019\u00e9l\u00e9ment humain. Clairement il s\u2019agira d\u2019am\u00e9liorer les conditions de vie et favoriser la cr\u00e9ation d\u2019emplois, pr\u00e9cis\u00e9ment pour les jeunes ruraux. C\u2019est \u00e0 la fin de l\u2019ann\u00e9e 2021 que la DRA de RSK a lanc\u00e9 le Centre r\u00e9gional des jeunes entrepreneurs agricoles et agroalimentaires (CRJEAA). Cet axe devra permettre \u00e0 une nouvelle g\u00e9n\u00e9ration de jeunes entrepreneurs agricoles de na\u00eetre.<\/p>\n<p>Ce centre vise essentiellement l\u2019encadrement, l\u2019accompagnement et le coaching de proximit\u00e9 de ces jeunes porteurs de projets en lien avec le secteur agricole et agroalimentaire. Il sera form\u00e9 d\u2019un centre r\u00e9gional et de six antennes provinciales et dot\u00e9 d\u2019une \u00e9quipe de cadres et d\u2019animateurs sp\u00e9cialis\u00e9s. \u00abProAgro est un programme combinant le soutien aux politiques d\u2019emploi, le d\u00e9veloppement des comp\u00e9tences, la promotion des cha\u00eenes de valeur et le d\u00e9veloppement de l\u2019entrepreneuriat, avec l\u2019objectif ultime de cr\u00e9er des emplois d\u00e9cents pour les femmes et les hommes dans le secteur agroindustriel \u00bb, expliquent les porteurs du projet. Le centre devra repr\u00e9senter un catalyseur pour toutes les parties prenantes (locale, r\u00e9gionale et nationale) pour qu\u2019elles puissent \u00e9laborer et mettre en oeuvre les actions susceptibles de stimuler le potentiel de cr\u00e9ation d\u2019emplois du secteur agroindustriel y compris l\u2019am\u00e9lioration des conditions de travail. C\u2019est sur le plan technique que le projet ProAgro apporte son appui \u00e0 la DRA pour le lancement du CRJEAA.<\/p>\n<p>Ce partenariat repose sur plusieurs axes d\u2019appui. Le premier porte sur l\u2019\u00e9laboration du sch\u00e9ma d\u2019organisation du centre. Le second devra concourir au d\u00e9veloppement d\u2019une plateforme de gestion, de coordination et de suivi des activit\u00e9s du centre. Le troisi\u00e8me axe d\u2019appui permettra le renforcement des capacit\u00e9s des \u00e9quipes r\u00e9gionales et locales du centre sur les m\u00e9thodes. Dans le m\u00eame axe, il devra acc\u00e9l\u00e9rer les d\u00e9marches d\u2019accompagnement des jeunes sur tout leur parcours entrepreneurial allant de l\u2019id\u00e9ation, la cr\u00e9ation, la gestion et le d\u00e9veloppement des entreprises et coop\u00e9ratives. Enfin, la mise \u00e0 la disposition des \u00e9quipes du centre d\u2019un ensemble de guides et d\u2019outils pour faciliter leur mission sera le dernier axe d\u2019appui. Et c\u2019est dans le cadre de ce partenariat que la DRA et le projet ProAgro ont organis\u00e9 les 24, 25 et 26 janvier derniers une formation d\u2019initiation. C\u2019est une premi\u00e8re du genre.<\/p>\n<p>Une vingtaine de personnes y a particip\u00e9 parmi le personnel local de la DRA, de l\u2019Office national du conseil agricole (ONCA), de l\u2019Office r\u00e9gional de mise en valeur agricole du Gharb (ORMVAG) et des Directions provinciales de l\u2019agriculture (DPA), qui vont constituer les \u00e9quipes r\u00e9gionales et locales du CRJEAA. Cette formation vise \u00e0 initier les participants aux meilleures pratiques de pr\u00e9-cr\u00e9ation et cr\u00e9ation d\u2019entreprises dans les domaines agricole et agroalimentaire.<\/p>\n<p>A l\u2019issue de la formation, les participants devront ma\u00eetriser les m\u00e9thodes qu\u2019un conseiller \u00e0 l\u2019entrepreneuriat devra acqu\u00e9rir. \u00abLes principales d\u00e9marches de cr\u00e9ation d\u2019entreprises, les sp\u00e9cificit\u00e9s de l\u2019entrepreneuriat agricole et agroalimentaire, les d\u00e9marches de pr\u00e9-cr\u00e9ation et de cr\u00e9ation de soci\u00e9t\u00e9s agricoles et agroalimentaires et une initiation \u00e0 l\u2019\u00e9laboration d\u2019un plan d\u2019affaires\u00bb repr\u00e9sentant les principales th\u00e9matiques du contenu p\u00e9dagogique. Cette formation d\u2019initiation donnera suite \u00e0 plusieurs formations de formateurs approfondies, notamment sur les outils de l\u2019OIT, \u00e0 savoir les modules Germe (G\u00e9rer mieux son entreprise), les modules Mycoop (G\u00e9rer sa coop\u00e9rative agricole) et l\u2019\u00e9ducation financi\u00e8re.<\/p>\n<\/div>\n<p>Auteur: Dounia Essabban<br \/>\n<a href=\"https:\/\/aujourdhui.ma\/emploi\/generation-green-proagro-pour-accompagner-les-jeunes-entrepreneurs-agricoles-et-agroalimentaires\">Cliquez ici pour lire l&rsquo;article depuis sa source.<\/a><\/p>\n","protected":false},"excerpt":{"rendered":"<p>Mis en place conjointement par la Direction r\u00e9gionale de l\u2019agriculture (DRA) de Rabat-Sal\u00e9-K\u00e9nitra (RSK) et l\u2019Organisation internationale du travail (OIT), le projet ProAgro devra renforcer l\u2019accompagnement des jeunes entrepreneurs agricoles et agroalimentaires. Les d\u00e9tails. Il s\u2019agit d\u2019une parfaite d\u00e9clinaison de la strat\u00e9gie agricole \u00abG\u00e9n\u00e9ration Green 2020- 2030\u00bb qui met au centre l\u2019\u00e9l\u00e9ment humain. Clairement il [&hellip;]<\/p>\n","protected":false},"author":1759,"featured_media":0,"comment_status":"closed","ping_status":"closed","sticky":false,"template":"","format":"standard","meta":{"fifu_image_url":"https:\/\/aujourdhui.ma\/wp-content\/uploads\/2021\/12\/Agriculture-300x153.jpg","fifu_image_alt":"G\u00e9n\u00e9ration Green : \u00abProAgro\u00bb pour accompagner les jeunes entrepreneurs agricoles et agroalimentaires","footnotes":""},"categories":[73,54],"tags":[],"class_list":["post-139928","post","type-post","status-publish","format-standard","hentry","category-actualite","category-maroc"],"_links":{"self":[{"href":"https:\/\/linitiative.ca\/International\/wp-json\/wp\/v2\/posts\/139928","targetHints":{"allow":["GET"]}}],"collection":[{"href":"https:\/\/linitiative.ca\/International\/wp-json\/wp\/v2\/posts"}],"about":[{"href":"https:\/\/linitiative.ca\/International\/wp-json\/wp\/v2\/types\/post"}],"author":[{"embeddable":true,"href":"https:\/\/linitiative.ca\/International\/wp-json\/wp\/v2\/users\/1759"}],"replies":[{"embeddable":true,"href":"https:\/\/linitiative.ca\/International\/wp-json\/wp\/v2\/comments?post=139928"}],"version-history":[{"count":0,"href":"https:\/\/linitiative.ca\/International\/wp-json\/wp\/v2\/posts\/139928\/revisions"}],"wp:attachment":[{"href":"https:\/\/linitiative.ca\/International\/wp-json\/wp\/v2\/media?parent=139928"}],"wp:term":[{"taxonomy":"category","embeddable":true,"href":"https:\/\/linitiative.ca\/International\/wp-json\/wp\/v2\/categories?post=139928"},{"taxonomy":"post_tag","embeddable":true,"href":"https:\/\/linitiative.ca\/International\/wp-json\/wp\/v2\/tags?post=139928"}],"curies":[{"name":"wp","href":"https:\/\/api.w.org\/{rel}","templated":true}]}}