{"id":139934,"date":"2022-02-01T08:55:08","date_gmt":"2022-02-01T13:55:08","guid":{"rendered":"https:\/\/linitiative.ca\/International\/un-nouveau-complexe-pour-leconomie-solidaire-a-fes-meknes\/"},"modified":"2022-02-01T08:55:08","modified_gmt":"2022-02-01T13:55:08","slug":"un-nouveau-complexe-pour-leconomie-solidaire-a-fes-meknes","status":"publish","type":"post","link":"https:\/\/linitiative.ca\/International\/un-nouveau-complexe-pour-leconomie-solidaire-a-fes-meknes\/","title":{"rendered":"Un nouveau complexe pour l\u2019\u00e9conomie solidaire \u00e0 F\u00e8s-Mekn\u00e8s"},"content":{"rendered":"<div>\n<p><img loading=\"lazy\" decoding=\"async\" width=\"300\" height=\"153\" src=\"https:\/\/linitiative.ca\/International\/wp-content\/uploads\/sites\/23\/2022\/02\/nouveau-complexe-pour-leconomie-solidaire-a-Fes-Meknes-300x153-1.jpg\" class=\"attachment-medium size-medium wp-post-image\" alt=\"\" srcset=\"https:\/\/linitiative.ca\/International\/wp-content\/uploads\/sites\/23\/2022\/02\/nouveau-complexe-pour-leconomie-solidaire-a-Fes-Meknes-300x153-1.jpg 300w, https:\/\/aujourdhui.ma\/wp-content\/uploads\/2022\/01\/nouveau-complexe-pour-leconomie-solidaire-a-Fes-Meknes-274x140.jpg 274w, https:\/\/aujourdhui.ma\/wp-content\/uploads\/2022\/01\/nouveau-complexe-pour-leconomie-solidaire-a-Fes-Meknes.jpg 746w, https:\/\/aujourdhui.ma\/wp-content\/uploads\/2022\/01\/nouveau-complexe-pour-leconomie-solidaire-a-Fes-Meknes-165x84.jpg 165w, https:\/\/aujourdhui.ma\/wp-content\/uploads\/2022\/01\/nouveau-complexe-pour-leconomie-solidaire-a-Fes-Meknes-702x358.jpg 702w\" sizes=\"auto, (max-width: 300px) 100vw, 300px\"><\/p>\n<p><span style=\"font-size: 20px; color: #800000;\"><strong>Sa r\u00e9alisation n\u00e9cessite un investissement de 28 millions de dirhams<\/strong><\/span><span id=\"more-398743\"><\/span><\/p>\n<p>L\u2019\u00e9conomie sociale et solidaire est un mode d\u2019entreprendre autrement qui repose sur l\u2019id\u00e9e de combiner l\u2019activit\u00e9 \u00e9conomique avec la recherche d\u2019un impact social et environnemental positif.<br \/>\nAu Maroc, le secteur de l\u2019\u00e9conomie sociale et solidaire se pr\u00e9sente comme un secteur porteur, dont le d\u00e9veloppement peut contribuer \u00e0 lutter contre les disparit\u00e9s sociales et \u00e0 organiser le secteur informel. Plusieurs initiatives ont \u00e9t\u00e9 lanc\u00e9es durant ces derni\u00e8res ann\u00e9es dans ce sens avec l\u2019objectif de cr\u00e9er des emplois et stimuler le potentiel des territoires. La plus r\u00e9cente concerne la r\u00e9gion de F\u00e8s-Mekn\u00e8s qui se dotera bient\u00f4t d\u2019un nouveau complexe de valorisation des produits, des m\u00e9tiers et services de l\u2019\u00e9conomie sociale et solidaire.<\/p>\n<p>Ce projet lanc\u00e9 par l\u2019Agence r\u00e9gionale d\u2019ex\u00e9cution des projets (AREP) est \u00e0 l\u2019\u00e9tape de la conception architecturale. Cette initiative vise \u00e0 promouvoir l\u2019\u00e9conomie sociale et solidaire (ESS) et mettre en place les outils n\u00e9cessaires pour l\u2019accompagnement de son d\u00e9veloppement dans la r\u00e9gion. Il s\u2019agit de cr\u00e9er un observatoire r\u00e9gional pour l\u2019\u00e9conomie sociale et solidaire, un incubateur de projets et de partenariats, et d\u2019un espace d\u2019\u00e9change des exp\u00e9riences et des expertises entre les diff\u00e9rentes composantes de l\u2019\u00e9conomie sociale et solidaire.<\/p>\n<p>Ce complexe sera dot\u00e9 d\u2019un espace de formation et renforcement des capacit\u00e9s des acteurs du secteur en plus d\u2019un espace d\u2019exposition et de commercialisation des produits. La finalit\u00e9 \u00e9tant de renforcer la comp\u00e9titivit\u00e9 des coop\u00e9ratives et entreprises sociales au niveau r\u00e9gional, national et international.<br \/>\nLe projet pr\u00e9voit aussi la mise en place d\u2019une plateforme de commercialisation des produits de l\u2019\u00e9conomie sociale et solidaire. Dans cette perspective, la r\u00e9alisation de ce complexe sera inspir\u00e9e des b\u00e2timents traditionnels. Chaque p\u00f4le de ce lieu devra \u00eatre mis en valeur. Les diff\u00e9rents b\u00e2timents seront int\u00e9gr\u00e9s dans leur contexte urbain et connect\u00e9s au quartier par des continuit\u00e9s vertes et visuelles.<br \/>\nCette approche repose sur la cr\u00e9ation d\u2019un mod\u00e8le \u00e9cologique et accessible \u00e0 tous. L\u2019assiette dudit complexe r\u00e9gional de valorisation des produits, des m\u00e9tiers et services de l\u2019\u00e9conomie sociale et solidaire objet de ce projet se trouve au niveau de la zone Bensouda \u00e0 F\u00e8s sur une superficie d\u2019environ 12.300 m\u00e8tres carr\u00e9s.<br \/>\nIl sera r\u00e9alis\u00e9 avec une enveloppe budg\u00e9taire de 28 millions de dirhams. Ce projet de construction du complexe r\u00e9gional de valorisation des produits, des m\u00e9tiers et services de l\u2019\u00e9conomie sociale et solidaire de la r\u00e9gion F\u00e8s-Mekn\u00e8s se compose de plusieurs p\u00f4les, \u00e0 savoir un observatoire r\u00e9gional pour l\u2019\u00e9conomie sociale et solidaire au niveau de la r\u00e9gion de F\u00e8s-Mekn\u00e8s, un incubateur de projets et de partenariats dans le secteur de l\u2019\u00e9conomie sociale et solidaire, un espace accompagnement et formation, un espace de formation et renforcement des capacit\u00e9s des acteurs de l\u2019ESS et une zone d\u2019exposition et de commercialisation des produits et services de l\u2019\u00e9conomie sociale et solidaire. Associations, coop\u00e9ratives, entreprises sociales \u00e0 statut commercial\u2026 l\u2019\u00e9conomie sociale et solidaire permet d\u2019assurer des emplois p\u00e9rennes et de lancer un cercle vertueux de transmission de savoir-faire.<\/p>\n<p>Elle se fonde essentiellement sur la coh\u00e9sion sociale et apporte des r\u00e9ponses aux besoins socio-\u00e9conomiques des territoires. Ces structures partent d\u2019un projet social qui s\u2019exprime \u00e0 travers leur activit\u00e9 et les personnes qu\u2019elles emploient.<\/p>\n<\/div>\n<p>Auteur: Ouchagour Leila<br \/>\n<a href=\"https:\/\/aujourdhui.ma\/economie\/un-nouveau-complexe-pour-leconomie-solidaire-a-fes-meknes\">Cliquez ici pour lire l&rsquo;article depuis sa source.<\/a><\/p>\n","protected":false},"excerpt":{"rendered":"<p>Sa r\u00e9alisation n\u00e9cessite un investissement de 28 millions de dirhams L\u2019\u00e9conomie sociale et solidaire est un mode d\u2019entreprendre autrement qui repose sur l\u2019id\u00e9e de combiner l\u2019activit\u00e9 \u00e9conomique avec la recherche d\u2019un impact social et environnemental positif. Au Maroc, le secteur de l\u2019\u00e9conomie sociale et solidaire se pr\u00e9sente comme un secteur porteur, dont le d\u00e9veloppement peut [&hellip;]<\/p>\n","protected":false},"author":1759,"featured_media":0,"comment_status":"closed","ping_status":"closed","sticky":false,"template":"","format":"standard","meta":{"fifu_image_url":"https:\/\/aujourdhui.ma\/wp-content\/uploads\/2022\/01\/nouveau-complexe-pour-leconomie-solidaire-a-Fes-Meknes-300x153.jpg","fifu_image_alt":"Un nouveau complexe pour l\u2019\u00e9conomie solidaire \u00e0 F\u00e8s-Mekn\u00e8s","footnotes":""},"categories":[73,54],"tags":[],"class_list":["post-139934","post","type-post","status-publish","format-standard","hentry","category-actualite","category-maroc"],"_links":{"self":[{"href":"https:\/\/linitiative.ca\/International\/wp-json\/wp\/v2\/posts\/139934","targetHints":{"allow":["GET"]}}],"collection":[{"href":"https:\/\/linitiative.ca\/International\/wp-json\/wp\/v2\/posts"}],"about":[{"href":"https:\/\/linitiative.ca\/International\/wp-json\/wp\/v2\/types\/post"}],"author":[{"embeddable":true,"href":"https:\/\/linitiative.ca\/International\/wp-json\/wp\/v2\/users\/1759"}],"replies":[{"embeddable":true,"href":"https:\/\/linitiative.ca\/International\/wp-json\/wp\/v2\/comments?post=139934"}],"version-history":[{"count":0,"href":"https:\/\/linitiative.ca\/International\/wp-json\/wp\/v2\/posts\/139934\/revisions"}],"wp:attachment":[{"href":"https:\/\/linitiative.ca\/International\/wp-json\/wp\/v2\/media?parent=139934"}],"wp:term":[{"taxonomy":"category","embeddable":true,"href":"https:\/\/linitiative.ca\/International\/wp-json\/wp\/v2\/categories?post=139934"},{"taxonomy":"post_tag","embeddable":true,"href":"https:\/\/linitiative.ca\/International\/wp-json\/wp\/v2\/tags?post=139934"}],"curies":[{"name":"wp","href":"https:\/\/api.w.org\/{rel}","templated":true}]}}