{"id":139942,"date":"2022-02-01T07:59:39","date_gmt":"2022-02-01T12:59:39","guid":{"rendered":"https:\/\/linitiative.ca\/International\/deuxieme-edition-du-rallye-dakhla-guerguerat-grand-prix-omar-bekkari\/"},"modified":"2022-02-01T07:59:39","modified_gmt":"2022-02-01T12:59:39","slug":"deuxieme-edition-du-rallye-dakhla-guerguerat-grand-prix-omar-bekkari","status":"publish","type":"post","link":"https:\/\/linitiative.ca\/International\/deuxieme-edition-du-rallye-dakhla-guerguerat-grand-prix-omar-bekkari\/","title":{"rendered":"Deuxi\u00e8me \u00e9dition du Rallye \u00abDakhla-Guerguerat Grand Prix Omar Bekkari\u00bb"},"content":{"rendered":"<div>\n<p class=\"has-text-align-center has-vivid-red-color has-text-color\"><strong>F\u00e9d\u00e9ration Marocaine des V\u00e9hicules Anciens<\/strong><\/p>\n<p class=\"has-vivid-cyan-blue-color has-text-color\"><strong>La F\u00e9d\u00e9ration Marocaine des V\u00e9hicules Anciens (FMVA) et ses partenaires organisent du 3 au 6 f\u00e9vrier 2022 la deuxi\u00e8me \u00e9dition du \u00abRallye Dakhla-Guerguerat Grand Prix Omar Bekkari\u00bb.<\/strong><\/p>\n<p>Apr\u00e8s le succ\u00e8s de la premi\u00e8re \u00e9dition qui s\u2019\u00e9tait d\u00e9roul\u00e9e du 28 au 31 janvier 2021 et qui avait c\u00e9l\u00e9br\u00e9 la reconnaissance par les \u00c9tats-Unis de la souverainet\u00e9 marocaine sur son Sahara, la FMVA entend de nouveau comm\u00e9morer \u00e0 travers cette deuxi\u00e8me \u00e9dition la marocanit\u00e9 du Sahara en associant passion de l\u2019automobile, fiert\u00e9 nationale et valeurs patriotiques.<\/p>\n<p>Cet \u00e9v\u00e9nement accueillera une cinquantaine de v\u00e9hicules de collection d\u2019exception. Lors de la premi\u00e8re \u00e9tape du \u00abRallye Dakhla-Guerguerat Grand Prix Omar Bekkari\u00bb pr\u00e9vue le vendredi 4 f\u00e9vrier, les \u00e9quipages effectueront une parade automobile dans les rues de la ville de Dakhla et iront \u00e0 la rencontre de population.<\/p>\n<p>Ils prendront part d\u00e8s 10 heures et demie aux essais libres du \u00abRallye \u00a0\u00a0Dakhla-Guerguerat Grand Prix Omar Bekkari\u00bb, une \u00e9preuve de r\u00e9gularit\u00e9 qui se d\u00e9roulera sur un circuit urbain et dont le d\u00e9part sera donn\u00e9 \u00e0 14 heures. La remise des prix de cette \u00e9preuve s\u2019effectuera le m\u00eame jour \u00e0 21 heures au cours d\u2019une c\u00e9r\u00e9monie officielle et en pr\u00e9sence d\u2019\u00e9minentes personnalit\u00e9s de la r\u00e9gion.<\/p>\n<p>La deuxi\u00e8me \u00e9tape du \u00abRallye \u00a0\u00a0Dakhla-Guerguerat Grand Prix Omar Bekkari\u00bb, qui d\u00e9butera le samedi 5 f\u00e9vrier \u00e0 7 heures, consistera en une preuve de r\u00e9gularit\u00e9 routi\u00e8re. En effet, les participants au volant de leurs v\u00e9hicules anciens devront au d\u00e9part de Dakhla rallier la ville fronti\u00e8re de Guerguerat, soit une distance de 367 kilom\u00e8tres avec une arriv\u00e9e pr\u00e9vue aux environs de 12 heures.<\/p>\n<p>Une c\u00e9r\u00e9monie d\u2019arriv\u00e9e et de nombreuses prises de paroles dont celles des Pr\u00e9sidents de la F\u00e9d\u00e9ration Marocaine des V\u00e9hicules Anciens et de la F\u00e9d\u00e9ration Africaine des V\u00e9hicules Anciens sont pr\u00e9vues.<\/p>\n<p>A partir de 15 heures, les participants reprendront le volant de leurs v\u00e9hicules classiques pour effectuer la derni\u00e8re boucle du \u00abRallye \u00a0\u00a0Dakhla-Guerguerat Grand Prix Omar Bekkari\u00bb, de Guerguerat en direction de Dakhla, avec une arriv\u00e9e pr\u00e9vue aux alentours de 20 heures.<\/p>\n<p>L\u2019article <a rel=\"nofollow\" href=\"http:\/\/albayane.press.ma\/deuxieme-edition-du-rallye-dakhla-guerguerat-grand-prix-omar-bekkari.html\">Deuxi\u00e8me \u00e9dition du Rallye \u00abDakhla-Guerguerat Grand Prix Omar Bekkari\u00bb<\/a> est apparu en premier sur <a rel=\"nofollow\" href=\"http:\/\/albayane.press.ma\/\">ALBAYANE<\/a>.<\/p>\n<\/div>\n<p>Auteur: M&rsquo;hammed rahal<br \/>\n<a href=\"http:\/\/albayane.press.ma\/deuxieme-edition-du-rallye-dakhla-guerguerat-grand-prix-omar-bekkari.html\">Cliquez ici pour lire l&rsquo;article depuis sa source.<\/a><\/p>\n","protected":false},"excerpt":{"rendered":"<p>F\u00e9d\u00e9ration Marocaine des V\u00e9hicules Anciens La F\u00e9d\u00e9ration Marocaine des V\u00e9hicules Anciens (FMVA) et ses partenaires organisent du 3 au 6 f\u00e9vrier 2022 la deuxi\u00e8me \u00e9dition du \u00abRallye Dakhla-Guerguerat Grand Prix Omar Bekkari\u00bb. Apr\u00e8s le succ\u00e8s de la premi\u00e8re \u00e9dition qui s\u2019\u00e9tait d\u00e9roul\u00e9e du 28 au 31 janvier 2021 et qui avait c\u00e9l\u00e9br\u00e9 la reconnaissance par [&hellip;]<\/p>\n","protected":false},"author":1760,"featured_media":0,"comment_status":"closed","ping_status":"closed","sticky":false,"template":"","format":"standard","meta":{"fifu_image_url":"","fifu_image_alt":"","footnotes":""},"categories":[73,54],"tags":[],"class_list":["post-139942","post","type-post","status-publish","format-standard","hentry","category-actualite","category-maroc"],"_links":{"self":[{"href":"https:\/\/linitiative.ca\/International\/wp-json\/wp\/v2\/posts\/139942","targetHints":{"allow":["GET"]}}],"collection":[{"href":"https:\/\/linitiative.ca\/International\/wp-json\/wp\/v2\/posts"}],"about":[{"href":"https:\/\/linitiative.ca\/International\/wp-json\/wp\/v2\/types\/post"}],"author":[{"embeddable":true,"href":"https:\/\/linitiative.ca\/International\/wp-json\/wp\/v2\/users\/1760"}],"replies":[{"embeddable":true,"href":"https:\/\/linitiative.ca\/International\/wp-json\/wp\/v2\/comments?post=139942"}],"version-history":[{"count":0,"href":"https:\/\/linitiative.ca\/International\/wp-json\/wp\/v2\/posts\/139942\/revisions"}],"wp:attachment":[{"href":"https:\/\/linitiative.ca\/International\/wp-json\/wp\/v2\/media?parent=139942"}],"wp:term":[{"taxonomy":"category","embeddable":true,"href":"https:\/\/linitiative.ca\/International\/wp-json\/wp\/v2\/categories?post=139942"},{"taxonomy":"post_tag","embeddable":true,"href":"https:\/\/linitiative.ca\/International\/wp-json\/wp\/v2\/tags?post=139942"}],"curies":[{"name":"wp","href":"https:\/\/api.w.org\/{rel}","templated":true}]}}