{"id":139946,"date":"2022-02-01T09:00:11","date_gmt":"2022-02-01T14:00:11","guid":{"rendered":"https:\/\/linitiative.ca\/International\/khadija-arouhal-le-gouvernement-ne-dispose-pas-dune-vision-claire-et-audacieuse-concernant-la-politique-culturelle-dans-notre-pays\/"},"modified":"2022-02-01T09:00:11","modified_gmt":"2022-02-01T14:00:11","slug":"khadija-arouhal-le-gouvernement-ne-dispose-pas-dune-vision-claire-et-audacieuse-concernant-la-politique-culturelle-dans-notre-pays","status":"publish","type":"post","link":"https:\/\/linitiative.ca\/International\/khadija-arouhal-le-gouvernement-ne-dispose-pas-dune-vision-claire-et-audacieuse-concernant-la-politique-culturelle-dans-notre-pays\/","title":{"rendered":"Khadija Arouhal: le gouvernement ne dispose pas d\u2019une vision claire et audacieuse concernant la politique culturelle dans notre pays"},"content":{"rendered":"<div>\n<p class=\"has-text-align-center has-vivid-red-color has-text-color\"><strong>Chambre des repr\u00e9sentants<\/strong><\/p>\n<p class=\"has-text-align-right\"><strong>Mohamed Nait Youssef<\/strong><\/p>\n<p class=\"has-text-color\" style=\"color:#063fe5\"><strong>\u00abL\u2019homme au c\u0153ur du d\u00e9veloppement. D\u2019o\u00f9 la n\u00e9cessit\u00e9 de soutenir la cr\u00e9ation, l\u2019art et la culture avec toutes ses expressions et ses travailleurs qui ont \u00e9t\u00e9 touch\u00e9s profond\u00e9ment par la pand\u00e9mie de la Covid-19\u00bb, c\u2019est avec ces mots que la d\u00e9put\u00e9e du Groupe du Progr\u00e8s et du Socialisme (GPPS), Khadija Arouhal, a ouvert le bal de son commentaire en rapport \u00e0 la r\u00e9ponse du chef du gouvernement sur la question adress\u00e9e par le GPPS au sujet de \u00abla politique culturelle dans notre pays\u00bb, lundi 31 janvier, \u00e0 la chambre des Repr\u00e9sentants.<\/strong><\/p>\n<p>Pour la d\u00e9put\u00e9e,\u00a0les politiques publiques sont incapables d\u2019investir davantage dans notre arsenal culturel riche et exceptionnel au niveau \u00e9conomique afin de le transformer en une v\u00e9ritable source ind\u00e9pendante de richesse. \u00abLa r\u00e9alit\u00e9 de la culture et des intellectuels d\u00e9montre que notre pays est loin des classements honorables au niveau des infrastructures permettant aux industries culturelles et cr\u00e9atives de se d\u00e9velopper\u00bb, a-t-elle r\u00e9v\u00e9l\u00e9 dans un ton critique. Et d\u2019ajouter\u00a0: \u00abd\u2019autres indices concernant la consommation de la culture et de la lecture, la production des livres, la faiblisse des investissements dans les industries cin\u00e9matographiques et le th\u00e9\u00e2tre freinent l\u2019\u00e9volution de ce secteur vital\u00bb.<\/p>\n<p>Le d\u00e9veloppement, poursuit-elle, ne pourrait pas se faire sans les \u00e9l\u00e9ments non-\u00e9conomiques du d\u00e9veloppement. En outre, la culture est un moyen contre l\u2019int\u00e9grisme, le crime\u2026 parce que l\u2019approche \u00e9conomique et s\u00e9curitaire ne suffisent pas pour faire face \u00e0 ces fl\u00e9aux mena\u00e7ant la soci\u00e9t\u00e9. D\u2019apr\u00e8s, Khadija Arouhal, l\u2019investissement dans les industries culturelles et cr\u00e9atives permet de cr\u00e9er des offres d\u2019emploi et \u00a0de la valeur ajout\u00e9e qui peut arriver dans certains pays jusqu\u2019au 6% du PIB. Au niveau diplomatique, la culture est un \u00e9l\u00e9ment majeur pour le rayonnement de notre pays au niveau mondial et un moyen pour consolider les relations entre les marocains du monde avec leur partie, le Maroc, a-t-elle rappel\u00e9.<\/p>\n<p>\u00abPour ce faire, cela n\u00e9cessite une vision claire et audacieuse, chose qu\u2019on n\u2019a pas vu dans votre\u00a0 gouvernement.\u00a0\u00bb, a-t-elle adress\u00e9 au chef du gouvernement. \u00a0Pour que la culture ait la place qui lui revienne, il faudrait un gouvernement capable de mettre en place les conditions n\u00e9cessaires pour que les intellectuels et cr\u00e9ateurs puissent jouer leurs r\u00f4les dans la production des id\u00e9es, des valeurs. Un gouvernement qui ne voit pas la culture comme un fardeau social et \u00e9conomique, mais comme un levier de notre pays parmi les peuples, un gouvernement qui ne se limite pas \u00e0 d\u00e9gager de bonnes intentions envers l\u2019espace culturel, mais qui multiple les efforts et qui a une intelligence politique n\u00e9cessaire mettant entre ses yeux la particularit\u00e9 culturelle m\u00e9langeant \u00e0 la fois entre les aspects relatifs \u00e0 la culture, \u00e0 l\u2019\u00e9conomie et aux\u00a0 valeurs.<\/p>\n<p>Sans oublier \u00a0la volont\u00e9 de soutenir les projets culturels et intervenir pour prot\u00e9ger les industries culturelles et cr\u00e9atives de la concurrence internationale, tout en insistant sur les r\u00f4les des institutions et organismes et des entreprises dans la contribution, le d\u00e9veloppement\u00a0 de la culture, a-t-elle fait savoir. Par ailleurs, la d\u00e9put\u00e9e a appel\u00e9 une v\u00e9ritable promotion de la culture amazighe loin des surench\u00e8res politiques et politiciennes.<\/p>\n<p>L\u2019article <a rel=\"nofollow\" href=\"http:\/\/albayane.press.ma\/khadija-arouhal-le-gouvernement-ne-dispose-pas-dune-vision-claire-et-audacieuse-concernant-la-politique-culturelle-dans-notre-pays.html\">Khadija Arouhal: le gouvernement ne dispose pas d\u2019une vision claire et audacieuse concernant la politique culturelle dans notre pays<\/a> est apparu en premier sur <a rel=\"nofollow\" href=\"http:\/\/albayane.press.ma\/\">ALBAYANE<\/a>.<\/p>\n<\/div>\n<p>Auteur: M&rsquo;hammed rahal<br \/>\n<a href=\"http:\/\/albayane.press.ma\/khadija-arouhal-le-gouvernement-ne-dispose-pas-dune-vision-claire-et-audacieuse-concernant-la-politique-culturelle-dans-notre-pays.html\">Cliquez ici pour lire l&rsquo;article depuis sa source.<\/a><\/p>\n","protected":false},"excerpt":{"rendered":"<p>Chambre des repr\u00e9sentants Mohamed Nait Youssef \u00abL\u2019homme au c\u0153ur du d\u00e9veloppement. D\u2019o\u00f9 la n\u00e9cessit\u00e9 de soutenir la cr\u00e9ation, l\u2019art et la culture avec toutes ses expressions et ses travailleurs qui ont \u00e9t\u00e9 touch\u00e9s profond\u00e9ment par la pand\u00e9mie de la Covid-19\u00bb, c\u2019est avec ces mots que la d\u00e9put\u00e9e du Groupe du Progr\u00e8s et du Socialisme (GPPS), [&hellip;]<\/p>\n","protected":false},"author":1760,"featured_media":0,"comment_status":"closed","ping_status":"closed","sticky":false,"template":"","format":"standard","meta":{"fifu_image_url":"","fifu_image_alt":"","footnotes":""},"categories":[73,54],"tags":[],"class_list":["post-139946","post","type-post","status-publish","format-standard","hentry","category-actualite","category-maroc"],"_links":{"self":[{"href":"https:\/\/linitiative.ca\/International\/wp-json\/wp\/v2\/posts\/139946","targetHints":{"allow":["GET"]}}],"collection":[{"href":"https:\/\/linitiative.ca\/International\/wp-json\/wp\/v2\/posts"}],"about":[{"href":"https:\/\/linitiative.ca\/International\/wp-json\/wp\/v2\/types\/post"}],"author":[{"embeddable":true,"href":"https:\/\/linitiative.ca\/International\/wp-json\/wp\/v2\/users\/1760"}],"replies":[{"embeddable":true,"href":"https:\/\/linitiative.ca\/International\/wp-json\/wp\/v2\/comments?post=139946"}],"version-history":[{"count":0,"href":"https:\/\/linitiative.ca\/International\/wp-json\/wp\/v2\/posts\/139946\/revisions"}],"wp:attachment":[{"href":"https:\/\/linitiative.ca\/International\/wp-json\/wp\/v2\/media?parent=139946"}],"wp:term":[{"taxonomy":"category","embeddable":true,"href":"https:\/\/linitiative.ca\/International\/wp-json\/wp\/v2\/categories?post=139946"},{"taxonomy":"post_tag","embeddable":true,"href":"https:\/\/linitiative.ca\/International\/wp-json\/wp\/v2\/tags?post=139946"}],"curies":[{"name":"wp","href":"https:\/\/api.w.org\/{rel}","templated":true}]}}