{"id":139950,"date":"2022-02-01T10:00:00","date_gmt":"2022-02-01T15:00:00","guid":{"rendered":"https:\/\/linitiative.ca\/International\/une-peine-de-20-de-prison-ferme-requise-a-lencontre-de-chakib-khelil\/"},"modified":"2022-02-01T10:00:00","modified_gmt":"2022-02-01T15:00:00","slug":"une-peine-de-20-de-prison-ferme-requise-a-lencontre-de-chakib-khelil","status":"publish","type":"post","link":"https:\/\/linitiative.ca\/International\/une-peine-de-20-de-prison-ferme-requise-a-lencontre-de-chakib-khelil\/","title":{"rendered":"Une peine de 20 de prison ferme requise \u00e0 l&rsquo;encontre de Chakib Khelil"},"content":{"rendered":"<div>Le procureur de la R\u00e9publique pr\u00e8s le tribunal de Sidi M&rsquo;hamed (Alger) a requis, mardi, une peine de 20 ans de prison ferme \u00e0 l&rsquo;encontre de l&rsquo;ancien ministre de l&rsquo;Energie, Chakib Khelil<\/div>\n<p>Auteur:<br \/>\n<a href=\"https:\/\/www.liberte-algerie.com\/actualite\/une-peine-de-20-de-prison-ferme-requise-a-lencontre-de-chakib-khelil-372624\">Cliquez ici pour lire l&rsquo;article depuis sa source.<\/a><\/p>\n","protected":false},"excerpt":{"rendered":"<p>Le procureur de la R\u00e9publique pr\u00e8s le tribunal de Sidi M&rsquo;hamed (Alger) a requis, mardi, une peine de 20 ans de prison ferme \u00e0 l&rsquo;encontre de l&rsquo;ancien ministre de l&rsquo;Energie, Chakib Khelil Auteur: Cliquez ici pour lire l&rsquo;article depuis sa source.<\/p>\n","protected":false},"author":1742,"featured_media":0,"comment_status":"closed","ping_status":"closed","sticky":false,"template":"","format":"standard","meta":{"fifu_image_url":"","fifu_image_alt":"","footnotes":""},"categories":[73,53],"tags":[],"class_list":["post-139950","post","type-post","status-publish","format-standard","hentry","category-actualite","category-algerie"],"_links":{"self":[{"href":"https:\/\/linitiative.ca\/International\/wp-json\/wp\/v2\/posts\/139950","targetHints":{"allow":["GET"]}}],"collection":[{"href":"https:\/\/linitiative.ca\/International\/wp-json\/wp\/v2\/posts"}],"about":[{"href":"https:\/\/linitiative.ca\/International\/wp-json\/wp\/v2\/types\/post"}],"author":[{"embeddable":true,"href":"https:\/\/linitiative.ca\/International\/wp-json\/wp\/v2\/users\/1742"}],"replies":[{"embeddable":true,"href":"https:\/\/linitiative.ca\/International\/wp-json\/wp\/v2\/comments?post=139950"}],"version-history":[{"count":0,"href":"https:\/\/linitiative.ca\/International\/wp-json\/wp\/v2\/posts\/139950\/revisions"}],"wp:attachment":[{"href":"https:\/\/linitiative.ca\/International\/wp-json\/wp\/v2\/media?parent=139950"}],"wp:term":[{"taxonomy":"category","embeddable":true,"href":"https:\/\/linitiative.ca\/International\/wp-json\/wp\/v2\/categories?post=139950"},{"taxonomy":"post_tag","embeddable":true,"href":"https:\/\/linitiative.ca\/International\/wp-json\/wp\/v2\/tags?post=139950"}],"curies":[{"name":"wp","href":"https:\/\/api.w.org\/{rel}","templated":true}]}}