{"id":139953,"date":"2022-02-01T08:54:03","date_gmt":"2022-02-01T13:54:03","guid":{"rendered":"https:\/\/linitiative.ca\/International\/covd-19-deploiement-dune-unite-medicale-mobile-de-vaccination\/"},"modified":"2022-02-01T08:54:03","modified_gmt":"2022-02-01T13:54:03","slug":"covd-19-deploiement-dune-unite-medicale-mobile-de-vaccination","status":"publish","type":"post","link":"https:\/\/linitiative.ca\/International\/covd-19-deploiement-dune-unite-medicale-mobile-de-vaccination\/","title":{"rendered":"Covd-19 : D\u00e9ploiement d\u2019une unit\u00e9 m\u00e9dicale mobile de vaccination"},"content":{"rendered":"<div>\n<div style=\"margin-bottom:20px;\"><img loading=\"lazy\" decoding=\"async\" width=\"750\" height=\"430\" src=\"https:\/\/linitiative.ca\/International\/wp-content\/uploads\/sites\/23\/2022\/02\/vaccination-al-haouz-copier-1.jpg\" class=\"attachment-post-thumbnail size-post-thumbnail wp-post-image\" alt=\"\" srcset=\"https:\/\/linitiative.ca\/International\/wp-content\/uploads\/sites\/23\/2022\/02\/vaccination-al-haouz-copier-1.jpg 750w, https:\/\/www.mapmarrakech.ma\/map\/uploads\/2022\/01\/vaccination-al-haouz-copier-1-300x172.jpg 300w\" sizes=\"auto, (max-width: 750px) 100vw, 750px\"><\/div>\n<p>Organis\u00e9e en \u00e9troite collaboration avec les autorit\u00e9s provinciales, la D\u00e9l\u00e9gation provinciale de la Sant\u00e9 et de la Protection sociale et le Croissant Rouge Marocain (CRM), cette op\u00e9ration avait pour objectif de sensibiliser les citoyens sur l\u2019importance de l\u2019adh\u00e9sion volontaire \u00e0 cette campagne nationale et de la prise de toutes les doses recommand\u00e9es par les autorit\u00e9s comp\u00e9tentes, afin de se pr\u00e9munir contre la Covid-19, faire face \u00e0 ses diff\u00e9rents variants et endiguer ainsi sa propagation.<\/p>\n<p>Un staff m\u00e9dical qualifi\u00e9 et des moyens logistiques importants ont \u00e9t\u00e9 mobilis\u00e9s pour garantir la r\u00e9ussite de la mission de cette unit\u00e9 m\u00e9dicale mobile, d\u00e9ploy\u00e9e au niveau du douar Soualeh Rmel (ca\u00efdat de Brikiyine) et du souk hebdomadaire Sebt Brikiyine, afin de permettre aux habitants dans le milieu rural de la province de Rehamna de se vacciner contre le virus.<\/p>\n<p>Parall\u00e8lement \u00e0 cette op\u00e9ration, il a \u00e9t\u00e9 proc\u00e9d\u00e9 \u00e0 l\u2019organisation de campagnes de sensibilisation en vue d\u2019inciter les citoyens \u00e0 prendre les mesures pr\u00e9ventives, notamment la distanciation sociale, le port correct des masques de protection, l\u2019utilisation des d\u00e9sinfectants \u00e0 base d\u2019alcool.<\/p>\n<p>Il convient de noter que les autorit\u00e9s provinciales ont veiller \u00e0 intensifier l\u2019organisation de caravanes m\u00e9dicales mobiles et le d\u00e9ploiement r\u00e9gulier des structures mobiles dans les souks hebdomadaires et les art\u00e8res principales, afin d\u2019acc\u00e9l\u00e9rer la cadence de vaccination des citoyens.<\/p>\n<p>The post <a rel=\"nofollow\" href=\"https:\/\/www.mapmarrakech.ma\/fr\/covd-19-deploiement-dune-unite-medicale-mobile-de-vaccination\/\">Covd-19 : D\u00e9ploiement d\u2019une unit\u00e9 m\u00e9dicale mobile de vaccination<\/a> appeared first on <a rel=\"nofollow\" href=\"https:\/\/www.mapmarrakech.ma\/fr\">MapMarrakech<\/a>.<\/p>\n<\/div>\n<p>Auteur: Meriem IGASS<br \/>\n<a href=\"https:\/\/www.mapmarrakech.ma\/fr\/covd-19-deploiement-dune-unite-medicale-mobile-de-vaccination\/\">Cliquez ici pour lire l&rsquo;article depuis sa source.<\/a><\/p>\n","protected":false},"excerpt":{"rendered":"<p>Organis\u00e9e en \u00e9troite collaboration avec les autorit\u00e9s provinciales, la D\u00e9l\u00e9gation provinciale de la Sant\u00e9 et de la Protection sociale et le Croissant Rouge Marocain (CRM), cette op\u00e9ration avait pour objectif de sensibiliser les citoyens sur l\u2019importance de l\u2019adh\u00e9sion volontaire \u00e0 cette campagne nationale et de la prise de toutes les doses recommand\u00e9es par les autorit\u00e9s [&hellip;]<\/p>\n","protected":false},"author":1788,"featured_media":0,"comment_status":"closed","ping_status":"closed","sticky":false,"template":"","format":"standard","meta":{"fifu_image_url":"https:\/\/www.mapmarrakech.ma\/map\/uploads\/2022\/01\/vaccination-al-haouz-copier-1.jpg","fifu_image_alt":"Covd-19 : D\u00e9ploiement d\u2019une unit\u00e9 m\u00e9dicale mobile de vaccination","footnotes":""},"categories":[54,76],"tags":[],"class_list":["post-139953","post","type-post","status-publish","format-standard","hentry","category-maroc","category-regions"],"_links":{"self":[{"href":"https:\/\/linitiative.ca\/International\/wp-json\/wp\/v2\/posts\/139953","targetHints":{"allow":["GET"]}}],"collection":[{"href":"https:\/\/linitiative.ca\/International\/wp-json\/wp\/v2\/posts"}],"about":[{"href":"https:\/\/linitiative.ca\/International\/wp-json\/wp\/v2\/types\/post"}],"author":[{"embeddable":true,"href":"https:\/\/linitiative.ca\/International\/wp-json\/wp\/v2\/users\/1788"}],"replies":[{"embeddable":true,"href":"https:\/\/linitiative.ca\/International\/wp-json\/wp\/v2\/comments?post=139953"}],"version-history":[{"count":0,"href":"https:\/\/linitiative.ca\/International\/wp-json\/wp\/v2\/posts\/139953\/revisions"}],"wp:attachment":[{"href":"https:\/\/linitiative.ca\/International\/wp-json\/wp\/v2\/media?parent=139953"}],"wp:term":[{"taxonomy":"category","embeddable":true,"href":"https:\/\/linitiative.ca\/International\/wp-json\/wp\/v2\/categories?post=139953"},{"taxonomy":"post_tag","embeddable":true,"href":"https:\/\/linitiative.ca\/International\/wp-json\/wp\/v2\/tags?post=139953"}],"curies":[{"name":"wp","href":"https:\/\/api.w.org\/{rel}","templated":true}]}}