{"id":139955,"date":"2022-02-01T09:25:22","date_gmt":"2022-02-01T14:25:22","guid":{"rendered":"https:\/\/linitiative.ca\/International\/covid-19-la-troisieme-vague-en-phase-descendante\/"},"modified":"2022-02-01T09:25:22","modified_gmt":"2022-02-01T14:25:22","slug":"covid-19-la-troisieme-vague-en-phase-descendante","status":"publish","type":"post","link":"https:\/\/linitiative.ca\/International\/covid-19-la-troisieme-vague-en-phase-descendante\/","title":{"rendered":"Covid-19: La troisi\u00e8me vague en phase descendante"},"content":{"rendered":"<div>\n<div style=\"margin-bottom:20px;\"><img loading=\"lazy\" decoding=\"async\" width=\"750\" height=\"430\" src=\"https:\/\/linitiative.ca\/International\/wp-content\/uploads\/sites\/23\/2022\/02\/Mouad-Mrabet-copier.jpg\" class=\"attachment-post-thumbnail size-post-thumbnail wp-post-image\" alt=\"\" srcset=\"https:\/\/linitiative.ca\/International\/wp-content\/uploads\/sites\/23\/2022\/02\/Mouad-Mrabet-copier.jpg 750w, https:\/\/www.mapmarrakech.ma\/map\/uploads\/2022\/02\/Mouad-Mrabet-copier-300x172.jpg 300w\" sizes=\"auto, (max-width: 750px) 100vw, 750px\"><\/div>\n<p>L\u2019actuelle vague, marqu\u00e9e par la forte domination du variant Omicron (environ 98% des cas), a connu une baisse de 34% des contaminations au cours la semaine derni\u00e8re, apr\u00e8s 5 semaines de hausse continue, a-t-on indiqu\u00e9 dans le bilan bimensuel de la situation \u00e9pid\u00e9mique (17\/31janvier 2022), pr\u00e9sent\u00e9 par le coordonnateur du Centre national des op\u00e9rations d\u2019urgence de sant\u00e9 publique, Mouad Mrabet.<\/p>\n<p>Malgr\u00e9 cette diminution significative, la circulation du virus demeure \u00e9lev\u00e9e, a-t-il fait observer, pr\u00e9voyant d\u2019atteindre un niveau de contamination moyen \u00e0 partir de la semaine prochaine.<\/p>\n<p>S\u2019agissant de l\u2019\u00e9volution hebdomadaire du taux de positivit\u00e9, le m\u00eame responsable a signal\u00e9 que celui-ci est pass\u00e9 de 24,4% \u00e0 21,8% durant la semaine pass\u00e9e.<\/p>\n<p>Les admissions en r\u00e9animation et aux soins intensifs augmentent, quant \u00e0 elles, de mani\u00e8re substantielle, avec une hausse de 19% la semaine pass\u00e9e, a-t-il relev\u00e9.<\/p>\n<p>S\u2019agissant du nombre de d\u00e9c\u00e8s enregistr\u00e9s durant la derni\u00e8re quinzaine, M. Mrabet a d\u00e9plor\u00e9 l\u2019augmentation significative des d\u00e9c\u00e8s (+47,4%), projetant que les d\u00e9c\u00e8s connaissent un pic dans le courant de cette semaine.<\/p>\n<p>Se basant sur les donn\u00e9es collect\u00e9es entre le 24 et 31 janvier, M. Mrabet a affirm\u00e9 que sur un total de 230 cas de d\u00e9c\u00e8s, la situation vaccinale de 85,3% des patients d\u00e9c\u00e9d\u00e9s n\u2019\u00e9tait pas conforme au protocole sanitaire en vigueur.<\/p>\n<p>Par ailleurs, le responsable a mis en lumi\u00e8re une \u00e9tude r\u00e9alis\u00e9e par des experts et chercheurs relevant du Centre hospitalier universitaire et de la facult\u00e9 de m\u00e9decine et de pharmacie de Rabat, faisant \u00e9tat d\u2019une efficacit\u00e9 du vaccin anti-Covid de 88% au premier mois et 87% aux deuxi\u00e8me et troisi\u00e8me mois, un taux qui baisserait \u00e0 75% au quatri\u00e8me et \u00e0 moins de 64% au sixi\u00e8me.<\/p>\n<p>\u00c9voquant la campagne nationale de vaccination, il a fait part d\u2019un taux de 67,3% pour les primo-vaccin\u00e9s, 63% pour la deuxi\u00e8me dose et 10,5% pour la dose de rappel.<\/p>\n<p>Le minist\u00e8re a r\u00e9it\u00e9r\u00e9, \u00e0 nouveau, son appel aux citoyens pour \u00e9viter tout rel\u00e2chement, poursuivre le strict respect des mesures pr\u00e9ventives en vigueur et adh\u00e9rer massivement \u00e0 la campagne de vaccination, surtout la troisi\u00e8me dose qui contribuera au renforcement de l\u2019immunit\u00e9 pour les petits et les grands.<\/p>\n<p>The post <a rel=\"nofollow\" href=\"https:\/\/www.mapmarrakech.ma\/fr\/covid-19-la-troisieme-vague-en-phase-descendante\/\">Covid-19: La troisi\u00e8me vague en phase descendante<\/a> appeared first on <a rel=\"nofollow\" href=\"https:\/\/www.mapmarrakech.ma\/fr\">MapMarrakech<\/a>.<\/p>\n<\/div>\n<p>Auteur: Meriem IGASS<br \/>\n<a href=\"https:\/\/www.mapmarrakech.ma\/fr\/covid-19-la-troisieme-vague-en-phase-descendante\/\">Cliquez ici pour lire l&rsquo;article depuis sa source.<\/a><\/p>\n","protected":false},"excerpt":{"rendered":"<p>L\u2019actuelle vague, marqu\u00e9e par la forte domination du variant Omicron (environ 98% des cas), a connu une baisse de 34% des contaminations au cours la semaine derni\u00e8re, apr\u00e8s 5 semaines de hausse continue, a-t-on indiqu\u00e9 dans le bilan bimensuel de la situation \u00e9pid\u00e9mique (17\/31janvier 2022), pr\u00e9sent\u00e9 par le coordonnateur du Centre national des op\u00e9rations d\u2019urgence [&hellip;]<\/p>\n","protected":false},"author":1788,"featured_media":0,"comment_status":"closed","ping_status":"closed","sticky":false,"template":"","format":"standard","meta":{"fifu_image_url":"https:\/\/www.mapmarrakech.ma\/map\/uploads\/2022\/02\/Mouad-Mrabet-copier.jpg","fifu_image_alt":"Covid-19: La troisi\u00e8me vague en phase descendante","footnotes":""},"categories":[54,76],"tags":[],"class_list":["post-139955","post","type-post","status-publish","format-standard","hentry","category-maroc","category-regions"],"_links":{"self":[{"href":"https:\/\/linitiative.ca\/International\/wp-json\/wp\/v2\/posts\/139955","targetHints":{"allow":["GET"]}}],"collection":[{"href":"https:\/\/linitiative.ca\/International\/wp-json\/wp\/v2\/posts"}],"about":[{"href":"https:\/\/linitiative.ca\/International\/wp-json\/wp\/v2\/types\/post"}],"author":[{"embeddable":true,"href":"https:\/\/linitiative.ca\/International\/wp-json\/wp\/v2\/users\/1788"}],"replies":[{"embeddable":true,"href":"https:\/\/linitiative.ca\/International\/wp-json\/wp\/v2\/comments?post=139955"}],"version-history":[{"count":0,"href":"https:\/\/linitiative.ca\/International\/wp-json\/wp\/v2\/posts\/139955\/revisions"}],"wp:attachment":[{"href":"https:\/\/linitiative.ca\/International\/wp-json\/wp\/v2\/media?parent=139955"}],"wp:term":[{"taxonomy":"category","embeddable":true,"href":"https:\/\/linitiative.ca\/International\/wp-json\/wp\/v2\/categories?post=139955"},{"taxonomy":"post_tag","embeddable":true,"href":"https:\/\/linitiative.ca\/International\/wp-json\/wp\/v2\/tags?post=139955"}],"curies":[{"name":"wp","href":"https:\/\/api.w.org\/{rel}","templated":true}]}}