{"id":139959,"date":"2022-02-01T12:02:57","date_gmt":"2022-02-01T17:02:57","guid":{"rendered":"https:\/\/linitiative.ca\/International\/des-enfants-finalisent-la-fresque-les-sourires-de-mogador\/"},"modified":"2022-02-01T12:02:57","modified_gmt":"2022-02-01T17:02:57","slug":"des-enfants-finalisent-la-fresque-les-sourires-de-mogador","status":"publish","type":"post","link":"https:\/\/linitiative.ca\/International\/des-enfants-finalisent-la-fresque-les-sourires-de-mogador\/","title":{"rendered":"Des enfants finalisent la fresque \u00ab\u00a0Les Sourires de Mogador\u00a0\u00bb"},"content":{"rendered":"<div>\n<div style=\"margin-bottom:20px;\"><img loading=\"lazy\" decoding=\"async\" width=\"750\" height=\"430\" src=\"https:\/\/linitiative.ca\/International\/wp-content\/uploads\/sites\/23\/2022\/02\/fresque-copier.jpg\" class=\"attachment-post-thumbnail size-post-thumbnail wp-post-image\" alt=\"\" srcset=\"https:\/\/linitiative.ca\/International\/wp-content\/uploads\/sites\/23\/2022\/02\/fresque-copier.jpg 750w, https:\/\/www.mapmarrakech.ma\/map\/uploads\/2022\/02\/fresque-copier-300x172.jpg 300w\" sizes=\"auto, (max-width: 750px) 100vw, 750px\"><\/div>\n<p>Cette initiative, qui s\u2019inscrit dans la continuit\u00e9 de l\u2019engagement de l\u2019Association Essaouira-Mogador en faveur de l\u2019embellissement de la Cit\u00e9 des aliz\u00e9s, se veut une action ludique afin de faire d\u00e9couvrir aux enfants l\u2019univers du street-art et de l\u2019art urbain, en les associant \u00e0 la r\u00e9alisation de cette fresque, qui a n\u00e9cessit\u00e9 quelque 300 heures de travail \u00e0 cette artiste-peintre ibizienne pour faire des 10 clich\u00e9s d\u2019enfants pris par le photographe franco-italien, Gael Farano, une \u0153uvre hors norme.<\/p>\n<p>Cette action a permis \u00e0 une quarantaine d\u2019enfants souiris, \u00e2g\u00e9s de 8 \u00e0 12 ans, d\u2019\u00eatre parties prenantes de cette fresque g\u00e9ante qui tr\u00f4ne sur le mur ext\u00e9rieur (30 m\u00e8tres de largeur et 2,5 m\u00e8tres de hauteur) du si\u00e8ge de la commune urbaine d\u2019Essaouira.<\/p>\n<p>R\u00e9partis en deux groupes, ces enfants se sont ainsi retrouv\u00e9s \u00e0 l\u2019occasion de cette initiative pour s\u2019essayer \u00e0 diff\u00e9rentes techniques du street-art et de comprendre comment cr\u00e9er une couleur.<\/p>\n<p>En effet, \u00e0 partir des couleurs primaires, les enfants ont pu cr\u00e9er d\u2019autres secondaires dont ils auront besoin : orange (rouge+jaune), vert (jaune+bleu) et violet (bleu+rouge).<\/p>\n<p>Dans une d\u00e9claration \u00e0 la MAP, la secr\u00e9taire g\u00e9n\u00e9rale de l\u2019Association Essaouira-Mogador, Kaoutar Chakir Benamara, a indiqu\u00e9 que ce projet p\u00e9dagogique et artistique repr\u00e9sente l\u2019avenir positif.<\/p>\n<p>\u00ab\u00a0Quoi de plus symbolique que de repr\u00e9senter cet avenir par les sourires d\u2019une dizaine d\u2019enfants de Mogador, parce que l\u2019enfance, c\u2019est l\u2019innocence, l\u2019avenir et l\u2019espoir\u00a0\u00bb, a-t-elle dit.<\/p>\n<p>Pour leur part, des enfants ont dit toute leur joie de prendre part \u00e0 la r\u00e9alisation de cette \u0153uvre d\u2019art qui vient embellir le paysage urbain de la Cit\u00e9 des Aliz\u00e9s, tout en remerciant les initiateurs de cette id\u00e9e et l\u2019artiste-peintre espagnole pour cette initiative.<\/p>\n<p>A noter que l\u2019inauguration de cette \u0153uvre street-art, tant attendue par les enfants et les habitants de la ville, est pr\u00e9vue mercredi.<\/p>\n<p>The post <a rel=\"nofollow\" href=\"https:\/\/www.mapmarrakech.ma\/fr\/caterina-tur-et-des-enfants-finalisent-la-fresque-les-sourires-de-mogador\/\">Des enfants finalisent la fresque \u00ab\u00a0Les Sourires de Mogador\u00a0\u00bb<\/a> appeared first on <a rel=\"nofollow\" href=\"https:\/\/www.mapmarrakech.ma\/fr\">MapMarrakech<\/a>.<\/p>\n<\/div>\n<p>Auteur: Meriem IGASS<br \/>\n<a href=\"https:\/\/www.mapmarrakech.ma\/fr\/caterina-tur-et-des-enfants-finalisent-la-fresque-les-sourires-de-mogador\/\">Cliquez ici pour lire l&rsquo;article depuis sa source.<\/a><\/p>\n","protected":false},"excerpt":{"rendered":"<p>Cette initiative, qui s\u2019inscrit dans la continuit\u00e9 de l\u2019engagement de l\u2019Association Essaouira-Mogador en faveur de l\u2019embellissement de la Cit\u00e9 des aliz\u00e9s, se veut une action ludique afin de faire d\u00e9couvrir aux enfants l\u2019univers du street-art et de l\u2019art urbain, en les associant \u00e0 la r\u00e9alisation de cette fresque, qui a n\u00e9cessit\u00e9 quelque 300 heures de [&hellip;]<\/p>\n","protected":false},"author":1788,"featured_media":0,"comment_status":"closed","ping_status":"closed","sticky":false,"template":"","format":"standard","meta":{"fifu_image_url":"https:\/\/www.mapmarrakech.ma\/map\/uploads\/2022\/02\/fresque-copier.jpg","fifu_image_alt":"Des enfants finalisent la fresque \u00ab\u00a0Les Sourires de Mogador\u00a0\u00bb","footnotes":""},"categories":[54,76],"tags":[],"class_list":["post-139959","post","type-post","status-publish","format-standard","hentry","category-maroc","category-regions"],"_links":{"self":[{"href":"https:\/\/linitiative.ca\/International\/wp-json\/wp\/v2\/posts\/139959","targetHints":{"allow":["GET"]}}],"collection":[{"href":"https:\/\/linitiative.ca\/International\/wp-json\/wp\/v2\/posts"}],"about":[{"href":"https:\/\/linitiative.ca\/International\/wp-json\/wp\/v2\/types\/post"}],"author":[{"embeddable":true,"href":"https:\/\/linitiative.ca\/International\/wp-json\/wp\/v2\/users\/1788"}],"replies":[{"embeddable":true,"href":"https:\/\/linitiative.ca\/International\/wp-json\/wp\/v2\/comments?post=139959"}],"version-history":[{"count":0,"href":"https:\/\/linitiative.ca\/International\/wp-json\/wp\/v2\/posts\/139959\/revisions"}],"wp:attachment":[{"href":"https:\/\/linitiative.ca\/International\/wp-json\/wp\/v2\/media?parent=139959"}],"wp:term":[{"taxonomy":"category","embeddable":true,"href":"https:\/\/linitiative.ca\/International\/wp-json\/wp\/v2\/categories?post=139959"},{"taxonomy":"post_tag","embeddable":true,"href":"https:\/\/linitiative.ca\/International\/wp-json\/wp\/v2\/tags?post=139959"}],"curies":[{"name":"wp","href":"https:\/\/api.w.org\/{rel}","templated":true}]}}