{"id":139961,"date":"2022-02-01T09:17:50","date_gmt":"2022-02-01T14:17:50","guid":{"rendered":"https:\/\/linitiative.ca\/International\/foot-conference-de-presse-de-halilhodzic-a-maamora\/"},"modified":"2022-02-01T09:17:50","modified_gmt":"2022-02-01T14:17:50","slug":"foot-conference-de-presse-de-halilhodzic-a-maamora","status":"publish","type":"post","link":"https:\/\/linitiative.ca\/International\/foot-conference-de-presse-de-halilhodzic-a-maamora\/","title":{"rendered":"Foot: conf\u00e9rence de presse de Halilhodzic \u00e0 Ma\u00e2mora"},"content":{"rendered":"<div>\n<div class=\"field field-name-body field-type-text-with-summary field-label-hidden\">\n<div class=\"field-items\">\n<div class=\"field-item even\" property=\"content:encoded\">\n<p class=\"rtejustify\">Le s\u00e9lectionneur national Vahid Halilhodzic tiendra, jeudi prochain au complexe Mohammed VI de football \u00e0 Ma\u00e2mora, une conf\u00e9rence de presse qui sera consacr\u00e9e \u00e0 la participation de l&rsquo;\u00e9quipe nationale \u00e0 la Coupe d\u2019Afrique des Nations (Cameroun-2021).<\/p>\n<p class=\"rtejustify\">Cette conf\u00e9rence sera diffus\u00e9e en streaming live sur le site web officiel, la cha\u00eene YouTube et les pages de la F\u00e9d\u00e9ration royale marocaine de football sur les r\u00e9seaux sociaux \u00ab\u00a0Facebook\u00a0\u00bb et \u00ab\u00a0Twitter\u00a0\u00bb, \u00e0 partir de 11h00.<\/p>\n<\/div>\n<\/div>\n<\/div>\n<\/div>\n<p>Auteur: mbasraoui<br \/>\n<a href=\"https:\/\/www.leconomiste.com\/flash-infos\/foot-conference-de-presse-de-halilhodzic-maamora\">Cliquez ici pour lire l&rsquo;article depuis sa source.<\/a><\/p>\n","protected":false},"excerpt":{"rendered":"<p>Le s\u00e9lectionneur national Vahid Halilhodzic tiendra, jeudi prochain au complexe Mohammed VI de football \u00e0 Ma\u00e2mora, une conf\u00e9rence de presse qui sera consacr\u00e9e \u00e0 la participation de l&rsquo;\u00e9quipe nationale \u00e0 la Coupe d\u2019Afrique des Nations (Cameroun-2021). Cette conf\u00e9rence sera diffus\u00e9e en streaming live sur le site web officiel, la cha\u00eene YouTube et les pages de [&hellip;]<\/p>\n","protected":false},"author":1763,"featured_media":0,"comment_status":"closed","ping_status":"closed","sticky":false,"template":"","format":"standard","meta":{"fifu_image_url":"","fifu_image_alt":"","footnotes":""},"categories":[78,54],"tags":[],"class_list":["post-139961","post","type-post","status-publish","format-standard","hentry","category-economie","category-maroc"],"_links":{"self":[{"href":"https:\/\/linitiative.ca\/International\/wp-json\/wp\/v2\/posts\/139961","targetHints":{"allow":["GET"]}}],"collection":[{"href":"https:\/\/linitiative.ca\/International\/wp-json\/wp\/v2\/posts"}],"about":[{"href":"https:\/\/linitiative.ca\/International\/wp-json\/wp\/v2\/types\/post"}],"author":[{"embeddable":true,"href":"https:\/\/linitiative.ca\/International\/wp-json\/wp\/v2\/users\/1763"}],"replies":[{"embeddable":true,"href":"https:\/\/linitiative.ca\/International\/wp-json\/wp\/v2\/comments?post=139961"}],"version-history":[{"count":0,"href":"https:\/\/linitiative.ca\/International\/wp-json\/wp\/v2\/posts\/139961\/revisions"}],"wp:attachment":[{"href":"https:\/\/linitiative.ca\/International\/wp-json\/wp\/v2\/media?parent=139961"}],"wp:term":[{"taxonomy":"category","embeddable":true,"href":"https:\/\/linitiative.ca\/International\/wp-json\/wp\/v2\/categories?post=139961"},{"taxonomy":"post_tag","embeddable":true,"href":"https:\/\/linitiative.ca\/International\/wp-json\/wp\/v2\/tags?post=139961"}],"curies":[{"name":"wp","href":"https:\/\/api.w.org\/{rel}","templated":true}]}}