{"id":139963,"date":"2022-02-01T14:05:52","date_gmt":"2022-02-01T19:05:52","guid":{"rendered":"https:\/\/linitiative.ca\/International\/reouverture-des-frontieres-les-conditions-dacces-au-territoire-marocain\/"},"modified":"2022-02-01T14:05:52","modified_gmt":"2022-02-01T19:05:52","slug":"reouverture-des-frontieres-les-conditions-dacces-au-territoire-marocain","status":"publish","type":"post","link":"https:\/\/linitiative.ca\/International\/reouverture-des-frontieres-les-conditions-dacces-au-territoire-marocain\/","title":{"rendered":"R\u00e9ouverture des fronti\u00e8res: les conditions d\u2019acc\u00e8s au territoire marocain"},"content":{"rendered":"<div>\n<div class=\"field field-name-body field-type-text-with-summary field-label-hidden\">\n<div class=\"field-items\">\n<div class=\"field-item even\" property=\"content:encoded\">\n<p>Le gouvernement a annonc\u00e9, mardi, une s\u00e9rie de mesures et dispositions, \u00e0 partir du 7 f\u00e9vrier, pour garantir une mise en \u0153uvre efficace de sa d\u00e9cision portant sur la r\u00e9ouverture des fronti\u00e8res aux vols en provenance et \u00e0 destination du Royaume.<\/p>\n<p>Voici les conditions d\u2019acc\u00e8s au territoire marocain \u00e0 partir du 7 f\u00e9vrier:<\/p>\n<p>-Obligation de pr\u00e9senter le pass vaccinal et le r\u00e9sultat n\u00e9gatif d\u2019un test PCR de moins de 48H.<\/p>\n<p>-R\u00e9alisation de tests rapides pour les passagers d\u00e8s leur arriv\u00e9e au Royaume.<\/p>\n<\/div>\n<\/div>\n<\/div>\n<\/div>\n<p>Auteur: mbasraoui<br \/>\n<a href=\"https:\/\/www.leconomiste.com\/flash-infos\/reouverture-des-frontieres-les-conditions-d-acces-au-territoire-marocain\">Cliquez ici pour lire l&rsquo;article depuis sa source.<\/a><\/p>\n","protected":false},"excerpt":{"rendered":"<p>Le gouvernement a annonc\u00e9, mardi, une s\u00e9rie de mesures et dispositions, \u00e0 partir du 7 f\u00e9vrier, pour garantir une mise en \u0153uvre efficace de sa d\u00e9cision portant sur la r\u00e9ouverture des fronti\u00e8res aux vols en provenance et \u00e0 destination du Royaume. Voici les conditions d\u2019acc\u00e8s au territoire marocain \u00e0 partir du 7 f\u00e9vrier: -Obligation de [&hellip;]<\/p>\n","protected":false},"author":1763,"featured_media":0,"comment_status":"closed","ping_status":"closed","sticky":false,"template":"","format":"standard","meta":{"fifu_image_url":"","fifu_image_alt":"","footnotes":""},"categories":[78,54],"tags":[],"class_list":["post-139963","post","type-post","status-publish","format-standard","hentry","category-economie","category-maroc"],"_links":{"self":[{"href":"https:\/\/linitiative.ca\/International\/wp-json\/wp\/v2\/posts\/139963","targetHints":{"allow":["GET"]}}],"collection":[{"href":"https:\/\/linitiative.ca\/International\/wp-json\/wp\/v2\/posts"}],"about":[{"href":"https:\/\/linitiative.ca\/International\/wp-json\/wp\/v2\/types\/post"}],"author":[{"embeddable":true,"href":"https:\/\/linitiative.ca\/International\/wp-json\/wp\/v2\/users\/1763"}],"replies":[{"embeddable":true,"href":"https:\/\/linitiative.ca\/International\/wp-json\/wp\/v2\/comments?post=139963"}],"version-history":[{"count":0,"href":"https:\/\/linitiative.ca\/International\/wp-json\/wp\/v2\/posts\/139963\/revisions"}],"wp:attachment":[{"href":"https:\/\/linitiative.ca\/International\/wp-json\/wp\/v2\/media?parent=139963"}],"wp:term":[{"taxonomy":"category","embeddable":true,"href":"https:\/\/linitiative.ca\/International\/wp-json\/wp\/v2\/categories?post=139963"},{"taxonomy":"post_tag","embeddable":true,"href":"https:\/\/linitiative.ca\/International\/wp-json\/wp\/v2\/tags?post=139963"}],"curies":[{"name":"wp","href":"https:\/\/api.w.org\/{rel}","templated":true}]}}