{"id":139964,"date":"2022-02-01T08:30:00","date_gmt":"2022-02-01T13:30:00","guid":{"rendered":"https:\/\/linitiative.ca\/International\/juventus-dusan-vlahovic-explique-son-choix\/"},"modified":"2022-02-01T08:30:00","modified_gmt":"2022-02-01T13:30:00","slug":"juventus-dusan-vlahovic-explique-son-choix","status":"publish","type":"post","link":"https:\/\/linitiative.ca\/International\/juventus-dusan-vlahovic-explique-son-choix\/","title":{"rendered":"Juventus : Du\u0161an Vlahovi\u0107 explique son choix"},"content":{"rendered":"<div>Courtis\u00e9 par toute l&rsquo;Europe depuis le d\u00e9but de la saison, Du\u0161an Vlahovi\u0107 \u00e9tait l&rsquo;un des feuilletons de ce mercato hivernal.<\/div>\n<p>Auteur:<br \/>\n<a href=\"https:\/\/www.lebuteur.com\/article\/detail?titre=juventus-dusan-vlahovic-explique-son-choix&#038;id=102207\">Cliquez ici pour lire l&rsquo;article depuis sa source.<\/a><\/p>\n","protected":false},"excerpt":{"rendered":"<p>Courtis\u00e9 par toute l&rsquo;Europe depuis le d\u00e9but de la saison, Du\u0161an Vlahovi\u0107 \u00e9tait l&rsquo;un des feuilletons de ce mercato hivernal. Auteur: Cliquez ici pour lire l&rsquo;article depuis sa source.<\/p>\n","protected":false},"author":1738,"featured_media":0,"comment_status":"closed","ping_status":"closed","sticky":false,"template":"","format":"standard","meta":{"fifu_image_url":"","fifu_image_alt":"","footnotes":""},"categories":[53,75],"tags":[],"class_list":["post-139964","post","type-post","status-publish","format-standard","hentry","category-algerie","category-sport"],"_links":{"self":[{"href":"https:\/\/linitiative.ca\/International\/wp-json\/wp\/v2\/posts\/139964","targetHints":{"allow":["GET"]}}],"collection":[{"href":"https:\/\/linitiative.ca\/International\/wp-json\/wp\/v2\/posts"}],"about":[{"href":"https:\/\/linitiative.ca\/International\/wp-json\/wp\/v2\/types\/post"}],"author":[{"embeddable":true,"href":"https:\/\/linitiative.ca\/International\/wp-json\/wp\/v2\/users\/1738"}],"replies":[{"embeddable":true,"href":"https:\/\/linitiative.ca\/International\/wp-json\/wp\/v2\/comments?post=139964"}],"version-history":[{"count":0,"href":"https:\/\/linitiative.ca\/International\/wp-json\/wp\/v2\/posts\/139964\/revisions"}],"wp:attachment":[{"href":"https:\/\/linitiative.ca\/International\/wp-json\/wp\/v2\/media?parent=139964"}],"wp:term":[{"taxonomy":"category","embeddable":true,"href":"https:\/\/linitiative.ca\/International\/wp-json\/wp\/v2\/categories?post=139964"},{"taxonomy":"post_tag","embeddable":true,"href":"https:\/\/linitiative.ca\/International\/wp-json\/wp\/v2\/tags?post=139964"}],"curies":[{"name":"wp","href":"https:\/\/api.w.org\/{rel}","templated":true}]}}