{"id":139966,"date":"2022-02-01T09:01:00","date_gmt":"2022-02-01T14:01:00","guid":{"rendered":"https:\/\/linitiative.ca\/International\/barca-laporta-critique-le-choix-de-dembele-ca-na-aucun-sens\/"},"modified":"2022-02-01T09:01:00","modified_gmt":"2022-02-01T14:01:00","slug":"barca-laporta-critique-le-choix-de-dembele-ca-na-aucun-sens","status":"publish","type":"post","link":"https:\/\/linitiative.ca\/International\/barca-laporta-critique-le-choix-de-dembele-ca-na-aucun-sens\/","title":{"rendered":"Bar\u00e7a : Laporta critique le choix de Demb\u00e9l\u00e9 : \u00ab\u00a0\u00c7a n&rsquo;a aucun sens\u00a0\u00bb"},"content":{"rendered":"<div>Ousmane Demb\u00e9l\u00e9 a refus\u00e9 \u00ab\u00a0un club anglais\u00a0\u00bb cet hiver selon le pr\u00e9sident du FC Barcelone, Joan Laporta<\/div>\n<p>Auteur:<br \/>\n<a href=\"https:\/\/www.lebuteur.com\/article\/detail?titre=barca-laporta-critique-le-choix-de-dembele-ca-na-aucun-sens&#038;id=102209\">Cliquez ici pour lire l&rsquo;article depuis sa source.<\/a><\/p>\n","protected":false},"excerpt":{"rendered":"<p>Ousmane Demb\u00e9l\u00e9 a refus\u00e9 \u00ab\u00a0un club anglais\u00a0\u00bb cet hiver selon le pr\u00e9sident du FC Barcelone, Joan Laporta Auteur: Cliquez ici pour lire l&rsquo;article depuis sa source.<\/p>\n","protected":false},"author":1738,"featured_media":0,"comment_status":"closed","ping_status":"closed","sticky":false,"template":"","format":"standard","meta":{"fifu_image_url":"","fifu_image_alt":"","footnotes":""},"categories":[53,75],"tags":[],"class_list":["post-139966","post","type-post","status-publish","format-standard","hentry","category-algerie","category-sport"],"_links":{"self":[{"href":"https:\/\/linitiative.ca\/International\/wp-json\/wp\/v2\/posts\/139966","targetHints":{"allow":["GET"]}}],"collection":[{"href":"https:\/\/linitiative.ca\/International\/wp-json\/wp\/v2\/posts"}],"about":[{"href":"https:\/\/linitiative.ca\/International\/wp-json\/wp\/v2\/types\/post"}],"author":[{"embeddable":true,"href":"https:\/\/linitiative.ca\/International\/wp-json\/wp\/v2\/users\/1738"}],"replies":[{"embeddable":true,"href":"https:\/\/linitiative.ca\/International\/wp-json\/wp\/v2\/comments?post=139966"}],"version-history":[{"count":0,"href":"https:\/\/linitiative.ca\/International\/wp-json\/wp\/v2\/posts\/139966\/revisions"}],"wp:attachment":[{"href":"https:\/\/linitiative.ca\/International\/wp-json\/wp\/v2\/media?parent=139966"}],"wp:term":[{"taxonomy":"category","embeddable":true,"href":"https:\/\/linitiative.ca\/International\/wp-json\/wp\/v2\/categories?post=139966"},{"taxonomy":"post_tag","embeddable":true,"href":"https:\/\/linitiative.ca\/International\/wp-json\/wp\/v2\/tags?post=139966"}],"curies":[{"name":"wp","href":"https:\/\/api.w.org\/{rel}","templated":true}]}}