{"id":139968,"date":"2022-02-01T14:45:00","date_gmt":"2022-02-01T19:45:00","guid":{"rendered":"https:\/\/linitiative.ca\/International\/courbis-belaili-cest-un-tres-bon-coup-pour-brest\/"},"modified":"2022-02-01T14:45:00","modified_gmt":"2022-02-01T19:45:00","slug":"courbis-belaili-cest-un-tres-bon-coup-pour-brest","status":"publish","type":"post","link":"https:\/\/linitiative.ca\/International\/courbis-belaili-cest-un-tres-bon-coup-pour-brest\/","title":{"rendered":"Courbis : \u00ab\u00a0Belaili, c\u2019est un tr\u00e8s bon coup pour Brest\u00a0\u00bb"},"content":{"rendered":"<div>Libre de tout contrat, le milieu offensif Youcef Bela\u00efli (29 ans) a choisi de s&rsquo;engager \u00e0 Brest dans les derni\u00e8res heures du mercato hivernal<\/div>\n<p>Auteur:<br \/>\n<a href=\"https:\/\/www.lebuteur.com\/article\/detail?titre=courbis-belaili-cest-un-tres-bon-coup-pour-brest&#038;id=102211\">Cliquez ici pour lire l&rsquo;article depuis sa source.<\/a><\/p>\n","protected":false},"excerpt":{"rendered":"<p>Libre de tout contrat, le milieu offensif Youcef Bela\u00efli (29 ans) a choisi de s&rsquo;engager \u00e0 Brest dans les derni\u00e8res heures du mercato hivernal Auteur: Cliquez ici pour lire l&rsquo;article depuis sa source.<\/p>\n","protected":false},"author":1738,"featured_media":0,"comment_status":"closed","ping_status":"closed","sticky":false,"template":"","format":"standard","meta":{"fifu_image_url":"","fifu_image_alt":"","footnotes":""},"categories":[53,75],"tags":[],"class_list":["post-139968","post","type-post","status-publish","format-standard","hentry","category-algerie","category-sport"],"_links":{"self":[{"href":"https:\/\/linitiative.ca\/International\/wp-json\/wp\/v2\/posts\/139968","targetHints":{"allow":["GET"]}}],"collection":[{"href":"https:\/\/linitiative.ca\/International\/wp-json\/wp\/v2\/posts"}],"about":[{"href":"https:\/\/linitiative.ca\/International\/wp-json\/wp\/v2\/types\/post"}],"author":[{"embeddable":true,"href":"https:\/\/linitiative.ca\/International\/wp-json\/wp\/v2\/users\/1738"}],"replies":[{"embeddable":true,"href":"https:\/\/linitiative.ca\/International\/wp-json\/wp\/v2\/comments?post=139968"}],"version-history":[{"count":0,"href":"https:\/\/linitiative.ca\/International\/wp-json\/wp\/v2\/posts\/139968\/revisions"}],"wp:attachment":[{"href":"https:\/\/linitiative.ca\/International\/wp-json\/wp\/v2\/media?parent=139968"}],"wp:term":[{"taxonomy":"category","embeddable":true,"href":"https:\/\/linitiative.ca\/International\/wp-json\/wp\/v2\/categories?post=139968"},{"taxonomy":"post_tag","embeddable":true,"href":"https:\/\/linitiative.ca\/International\/wp-json\/wp\/v2\/tags?post=139968"}],"curies":[{"name":"wp","href":"https:\/\/api.w.org\/{rel}","templated":true}]}}