{"id":139971,"date":"2022-02-01T05:23:00","date_gmt":"2022-02-01T10:23:00","guid":{"rendered":"https:\/\/linitiative.ca\/International\/longue-vie-a-m-hatem-smiri\/"},"modified":"2022-02-01T05:23:00","modified_gmt":"2022-02-01T10:23:00","slug":"longue-vie-a-m-hatem-smiri","status":"publish","type":"post","link":"https:\/\/linitiative.ca\/International\/longue-vie-a-m-hatem-smiri\/","title":{"rendered":"Longue vie \u00e0 M. Hatem Smiri"},"content":{"rendered":"<div><img decoding=\"async\" src=\"https:\/\/linitiative.ca\/International\/wp-content\/uploads\/sites\/23\/2022\/02\/1643707742_article.jpg\" alt=\"Longue vie \u00e0 M. Hatem Smiri\" align=\"left\">A notre grand regret une confusion a fait croire, dans notre carnet n\u00e9crologique au d\u00e9c\u00e8s de M. Hatem Smiri, magistrat membre permanent du Conseil du march\u00e9 financier, alors qu\u2019il s\u2019agit de la disparition de son p\u00e8re, Paix \u00e0 son \u00e2me. Leaders tient \u00e0 rectifier cette information et souhaite longue vie \u00e0 M. Smiri.<br \/>\n\u00a0<\/p>\n<\/div>\n<p>Auteur:<br \/>\n<a href=\"https:\/\/www.leaders.com.tn\/article\/32921-longue-vie-a-m-hatem-smiri\">Cliquez ici pour lire l&rsquo;article depuis sa source.<\/a><\/p>\n","protected":false},"excerpt":{"rendered":"<p>A notre grand regret une confusion a fait croire, dans notre carnet n\u00e9crologique au d\u00e9c\u00e8s de M. Hatem Smiri, magistrat membre permanent du Conseil du march\u00e9 financier, alors qu\u2019il s\u2019agit de la disparition de son p\u00e8re, Paix \u00e0 son \u00e2me. Leaders tient \u00e0 rectifier cette information et souhaite longue vie \u00e0 M. Smiri. \u00a0 Auteur: [&hellip;]<\/p>\n","protected":false},"author":1772,"featured_media":0,"comment_status":"closed","ping_status":"closed","sticky":false,"template":"","format":"standard","meta":{"fifu_image_url":"http:\/\/www.leaders.com.tn\/uploads\/content\/thumbnails_small\/1643707742_article.jpg","fifu_image_alt":"Longue vie \u00e0 M. Hatem Smiri","footnotes":""},"categories":[73,55],"tags":[],"class_list":["post-139971","post","type-post","status-publish","format-standard","hentry","category-actualite","category-tunisie"],"_links":{"self":[{"href":"https:\/\/linitiative.ca\/International\/wp-json\/wp\/v2\/posts\/139971","targetHints":{"allow":["GET"]}}],"collection":[{"href":"https:\/\/linitiative.ca\/International\/wp-json\/wp\/v2\/posts"}],"about":[{"href":"https:\/\/linitiative.ca\/International\/wp-json\/wp\/v2\/types\/post"}],"author":[{"embeddable":true,"href":"https:\/\/linitiative.ca\/International\/wp-json\/wp\/v2\/users\/1772"}],"replies":[{"embeddable":true,"href":"https:\/\/linitiative.ca\/International\/wp-json\/wp\/v2\/comments?post=139971"}],"version-history":[{"count":0,"href":"https:\/\/linitiative.ca\/International\/wp-json\/wp\/v2\/posts\/139971\/revisions"}],"wp:attachment":[{"href":"https:\/\/linitiative.ca\/International\/wp-json\/wp\/v2\/media?parent=139971"}],"wp:term":[{"taxonomy":"category","embeddable":true,"href":"https:\/\/linitiative.ca\/International\/wp-json\/wp\/v2\/categories?post=139971"},{"taxonomy":"post_tag","embeddable":true,"href":"https:\/\/linitiative.ca\/International\/wp-json\/wp\/v2\/tags?post=139971"}],"curies":[{"name":"wp","href":"https:\/\/api.w.org\/{rel}","templated":true}]}}